{"id":15411,"date":"2025-01-14T17:16:28","date_gmt":"2025-01-14T17:16:28","guid":{"rendered":"http:\/\/enteculturalsantafesino.com.ar\/usina3\/?p=15411"},"modified":"2025-01-14T17:16:31","modified_gmt":"2025-01-14T17:16:31","slug":"gran-exito-en-la-cuarta-edicion-de-la-pena-de-nico-diaz-en-maria-teresa","status":"publish","type":"post","link":"https:\/\/enteculturalsantafesino.com.ar\/usina3\/2025\/01\/gran-exito-en-la-cuarta-edicion-de-la-pena-de-nico-diaz-en-maria-teresa\/","title":{"rendered":"Gran \u00e9xito en la cuarta edici\u00f3n de la Pe\u00f1a de Nico D\u00edaz en Mar\u00eda Teresa"},"content":{"rendered":"\n<p>El pasado fin de semana, Mar\u00eda Teresa se visti\u00f3 de tradici\u00f3n y m\u00fasica en la cuarta edici\u00f3n de la Pe\u00f1a de Nico D\u00edaz, un evento organizado por Bomberos Voluntarios y acompa\u00f1ado por la Comuna de Mar\u00eda Teresa. Con una notable convocatoria que reafirma su importancia como evento cultural en la regi\u00f3n, la velada ofreci\u00f3 una variedad de propuestas art\u00edsticas que cautivaron a los asistentes.<\/p>\n\n\n\n<p>La noche comenz\u00f3 con la presentaci\u00f3n del Grupo Raigal, que con su repertorio de folklore tradicional marc\u00f3 el inicio de una jornada cargada de emociones. Luego fue el turno del grupo de ballet isabelense La Marrupe\u00f1a, cuyos integrantes demostraron talento y dedicaci\u00f3n en cada coreograf\u00eda, preparando el escenario para el plato fuerte de la noche: Nico D\u00edaz. El artista local fue ovacionado por el p\u00fablico, consolid\u00e1ndose como una figura destacada en el panorama musical regional.<\/p>\n\n\n\n<p>M\u00e1s tarde, el escenario recibi\u00f3 al \u00abPalomo\u00bb Gonz\u00e1lez y al ballet Esmeralda del Sur, quienes a\u00f1adieron a\u00fan m\u00e1s color y tradici\u00f3n a la velada. El cierre estuvo a cargo de Las Voces de G\u00f3deken, que con chacareras, escondidos y carnavalitos pusieron a bailar a los presentes. Finalmente, la banda 2022 despidi\u00f3 la noche al ritmo del cuarteto, asegurando que la celebraci\u00f3n concluyera con alegr\u00eda y movimiento.<\/p>\n\n\n\n<p>La Pe\u00f1a de Nico D\u00edaz se consolida as\u00ed como un evento clave para promover el folklore, la m\u00fasica y la danza, atrayendo a vecinos y visitantes de toda la regi\u00f3n.<\/p>\n","protected":false},"excerpt":{"rendered":"<p>El pasado fin de semana, Mar\u00eda Teresa se visti\u00f3 de tradici\u00f3n y m\u00fasica en la cuarta edici\u00f3n [&hellip;]<\/p>\n","protected":false},"author":3,"featured_media":15412,"comment_status":"open","ping_status":"open","sticky":false,"template":"","format":"standard","meta":{"_jetpack_memberships_contains_paid_content":false,"footnotes":"","jetpack_publicize_message":"","jetpack_publicize_feature_enabled":true,"jetpack_social_post_already_shared":true,"jetpack_social_options":{"image_generator_settings":{"template":"highway","enabled":false}}},"categories":[1],"tags":[],"jetpack_publicize_connections":[],"jetpack_featured_media_url":"https:\/\/enteculturalsantafesino.com.ar\/usina3\/wp-content\/uploads\/2025\/01\/473278575_1080029587477109_3443511861273405719_n.jpg","jetpack_sharing_enabled":true,"_links":{"self":[{"href":"https:\/\/enteculturalsantafesino.com.ar\/usina3\/wp-json\/wp\/v2\/posts\/15411"}],"collection":[{"href":"https:\/\/enteculturalsantafesino.com.ar\/usina3\/wp-json\/wp\/v2\/posts"}],"about":[{"href":"https:\/\/enteculturalsantafesino.com.ar\/usina3\/wp-json\/wp\/v2\/types\/post"}],"author":[{"embeddable":true,"href":"https:\/\/enteculturalsantafesino.com.ar\/usina3\/wp-json\/wp\/v2\/users\/3"}],"replies":[{"embeddable":true,"href":"https:\/\/enteculturalsantafesino.com.ar\/usina3\/wp-json\/wp\/v2\/comments?post=15411"}],"version-history":[{"count":1,"href":"https:\/\/enteculturalsantafesino.com.ar\/usina3\/wp-json\/wp\/v2\/posts\/15411\/revisions"}],"predecessor-version":[{"id":15413,"href":"https:\/\/enteculturalsantafesino.com.ar\/usina3\/wp-json\/wp\/v2\/posts\/15411\/revisions\/15413"}],"wp:featuredmedia":[{"embeddable":true,"href":"https:\/\/enteculturalsantafesino.com.ar\/usina3\/wp-json\/wp\/v2\/media\/15412"}],"wp:attachment":[{"href":"https:\/\/enteculturalsantafesino.com.ar\/usina3\/wp-json\/wp\/v2\/media?parent=15411"}],"wp:term":[{"taxonomy":"category","embeddable":true,"href":"https:\/\/enteculturalsantafesino.com.ar\/usina3\/wp-json\/wp\/v2\/categories?post=15411"},{"taxonomy":"post_tag","embeddable":true,"href":"https:\/\/enteculturalsantafesino.com.ar\/usina3\/wp-json\/wp\/v2\/tags?post=15411"}],"curies":[{"name":"wp","href":"https:\/\/api.w.org\/{rel}","templated":true}]}}