{"id":15415,"date":"2025-02-10T10:51:20","date_gmt":"2025-02-10T10:51:20","guid":{"rendered":"https:\/\/enteculturalsantafesino.com.ar\/usina3\/?p=15415"},"modified":"2025-02-10T10:51:31","modified_gmt":"2025-02-10T10:51:31","slug":"el-coro-cantares-entrego-un-obsequio-en-alusion-a-sus-20-anos","status":"publish","type":"post","link":"https:\/\/enteculturalsantafesino.com.ar\/usina3\/2025\/02\/el-coro-cantares-entrego-un-obsequio-en-alusion-a-sus-20-anos\/","title":{"rendered":"El Coro Cantares entreg\u00f3 un obsequio en alusi\u00f3n a sus 20 a\u00f1os"},"content":{"rendered":"\n<p>Integrantes del Coro Cantares, en representaci\u00f3n de todo el grupo, visit\u00f3 la sede comunal y mantuvo una amena charla con Walter y Aldana.<\/p>\n\n\n\n<p>El motivo de su visita se vio reflejado en un hermoso cuadro que dejaron como obsequi\u00f3 y el cual quedara exhibido en la comuna.<\/p>\n\n\n\n<p>En <a><\/a>el, est\u00e1n plasmadas cada una de las mujeres y hombres de nuestro pueblo que, desde el 2004 a la fecha, dan vida y vigencia al querido Coro Cantares; un emblema de nuestra cultura.<\/p>\n\n\n\n<p>Celebramos junto a ustedes estas dos d\u00e9cadas y auguramos que sean muchas m\u00e1s<\/p>\n","protected":false},"excerpt":{"rendered":"<p>Integrantes del Coro Cantares, en representaci\u00f3n de todo el grupo, visit\u00f3 la sede comunal y mantuvo una [&hellip;]<\/p>\n","protected":false},"author":3,"featured_media":15416,"comment_status":"open","ping_status":"open","sticky":false,"template":"","format":"standard","meta":{"_jetpack_memberships_contains_paid_content":false,"footnotes":"","jetpack_publicize_message":"","jetpack_publicize_feature_enabled":true,"jetpack_social_post_already_shared":true,"jetpack_social_options":{"image_generator_settings":{"template":"highway","enabled":false}}},"categories":[54],"tags":[],"jetpack_publicize_connections":[],"jetpack_featured_media_url":"https:\/\/enteculturalsantafesino.com.ar\/usina3\/wp-content\/uploads\/2025\/02\/476442411_1031094475723958_100242743402538208_n.jpg","jetpack_sharing_enabled":true,"_links":{"self":[{"href":"https:\/\/enteculturalsantafesino.com.ar\/usina3\/wp-json\/wp\/v2\/posts\/15415"}],"collection":[{"href":"https:\/\/enteculturalsantafesino.com.ar\/usina3\/wp-json\/wp\/v2\/posts"}],"about":[{"href":"https:\/\/enteculturalsantafesino.com.ar\/usina3\/wp-json\/wp\/v2\/types\/post"}],"author":[{"embeddable":true,"href":"https:\/\/enteculturalsantafesino.com.ar\/usina3\/wp-json\/wp\/v2\/users\/3"}],"replies":[{"embeddable":true,"href":"https:\/\/enteculturalsantafesino.com.ar\/usina3\/wp-json\/wp\/v2\/comments?post=15415"}],"version-history":[{"count":1,"href":"https:\/\/enteculturalsantafesino.com.ar\/usina3\/wp-json\/wp\/v2\/posts\/15415\/revisions"}],"predecessor-version":[{"id":15417,"href":"https:\/\/enteculturalsantafesino.com.ar\/usina3\/wp-json\/wp\/v2\/posts\/15415\/revisions\/15417"}],"wp:featuredmedia":[{"embeddable":true,"href":"https:\/\/enteculturalsantafesino.com.ar\/usina3\/wp-json\/wp\/v2\/media\/15416"}],"wp:attachment":[{"href":"https:\/\/enteculturalsantafesino.com.ar\/usina3\/wp-json\/wp\/v2\/media?parent=15415"}],"wp:term":[{"taxonomy":"category","embeddable":true,"href":"https:\/\/enteculturalsantafesino.com.ar\/usina3\/wp-json\/wp\/v2\/categories?post=15415"},{"taxonomy":"post_tag","embeddable":true,"href":"https:\/\/enteculturalsantafesino.com.ar\/usina3\/wp-json\/wp\/v2\/tags?post=15415"}],"curies":[{"name":"wp","href":"https:\/\/api.w.org\/{rel}","templated":true}]}}