{"id":6964,"date":"2013-02-25T15:01:02","date_gmt":"2013-02-25T15:01:02","guid":{"rendered":"http:\/\/entecultura.com.ar\/noticias\/?p=6964"},"modified":"2013-02-25T15:01:02","modified_gmt":"2013-02-25T15:01:02","slug":"pappo-napolitano-y-su-historia-con-santa-isabel","status":"publish","type":"post","link":"https:\/\/enteculturalsantafesino.com.ar\/usina3\/2013\/02\/pappo-napolitano-y-su-historia-con-santa-isabel\/","title":{"rendered":"\u00abPAPPO\u00bb NAPOLITANO Y SU HISTORIA CON SANTA ISABEL"},"content":{"rendered":"<p>Durante la ultima edici\u00f3n de <a href=\"http:\/\/www.enteregionalcultura.com.ar\/ambitoc\">\u00ab\u00c1mbito C\u00bb<\/a> el <strong><em>Coordinador de Cultura de<a href=\"http:\/\/enteculturalsantafesino.com.ar\/usina1\/wp-content\/uploads\/2012\/11\/pappro-cartel-santa-isabel.jpg\" rel=\"lightbox[6964]\"><img loading=\"lazy\" decoding=\"async\" class=\"alignright size-medium wp-image-6965\" title=\"pappro cartel santa isabel\" alt=\"\" src=\"http:\/\/enteculturalsantafesino.com.ar\/usina1\/wp-content\/uploads\/2012\/11\/pappro-cartel-santa-isabel-300x221.jpg\" width=\"300\" height=\"221\" \/><\/a><\/em><\/strong><\/p>\n<p><strong><em>\u00a0Santa Isabel Oscar Milanesi<\/em><\/strong>, nos habl\u00f3 sobre\u00a0la relaci\u00f3n\u00a0de\u00a0<em><strong>Norberto \u00abPappo\u00bb Napolitano<\/strong><\/em> con la comunidad del sur santafesino.<\/p>\n<p><em>\u00abHemos tenido da la dicha de tenerlo muchas veces en Santa Isabel, \u00e9l se quedaba en el Hotel frente a la terminal, siempre con my bajo perfil, y durante la nochecon el Negro(propietario del Hotel) recorr\u00edan las calles buscando datos o registros de sus abulos los cuales se casaron y vivieron en esta localidad\u00bb<\/em><\/p>\n<p>\u00abDurante una edici\u00f3n de <a href=\"http:\/\/atodopulmonsantaisabel.blogspot.com.ar\/\">Todo a Pulm\u00f3n<\/a> (\u00a0Fiesta Cultural Local), <a href=\"http:\/\/www.lovorne.com.ar\/\">Luciano\u00a0Lovorne<\/a> (hijo de Pappo) manifest\u00f3 sobre el escenario: <strong><em>\u00abAqu\u00ed vivi\u00f3 mi abuelo, ac\u00e1 naci\u00f3 Pappo, Ac\u00e1 naci\u00f3 el Rock!\u00bb<\/em><\/strong><\/p>\n<p><strong><em>\u00bfNaci\u00f3 Pappo en Santa Isabel?<\/em><\/strong><\/p>\n<p>Tras su tr\u00e1gica muerte acontecida el 25 de febrero de 2005, renaci\u00f3 en los allegados a la m\u00fasica local la vieja pregunta: \u00bfNaci\u00f3 Pappo en Santa Isabel? Para poder dilucidar el misterio recurrimos a su sitio oficial, <a href=\"http:\/\/www.elsitiodepappo.com.ar\">www.elsitiodepappo.com.ar<\/a> (del que hemos extra\u00eddo las fotograf\u00edas que ilustran este informe). Por esos d\u00edas se pod\u00eda leer \u00abSeg\u00fan \u00e9l mismo, Norberto An\u00edbal Napolitano naci\u00f3 el 10 de Marzo de 1950; hoy, luego de la muerte de sus padres, sus propias palabras crean una cierta incertidumbre sobre el lugar en d\u00f3nde fue: \u00abMe acuerdo de muy chiquito en Santa Isabel, en Santa Fe. Es un pueblito donde creo que nac\u00ed; ah\u00ed o en Buenos Aires, no se d\u00f3nde nac\u00ed, creo que en Buenos Aires, pero estuve en los dos lugares.\u00bb<\/p>\n<p>Sus propias palabras no aclaran esta inc\u00f3gnita pero hay una cosa cierta, parte de la infancia de Pappo transcurri\u00f3 aqu\u00ed y cada tanto sol\u00eda visitar a familiares en nuestro pueblo. De eso dan cuenta muchos testigos que han estado dialogando con \u00e9l, como Walter \u00abPeki\u00bb Teppaz que coincide con lo que Gustavo D\u00edaz, conserje del Hotel Central, nos contaba en una nota que le realiz\u00e1ramos en mayo de 2003, que la visita a ese lugar le despert\u00f3 a Pappo recuerdos de otros tiempos. Por otra parte, con motivo del festival \u00abA Todo Pulm\u00f3n 2005\u00bb algunos organizadores tuvieron contacto con \u00e9l y con familiares para lograr su actuaci\u00f3n; Pappo se mostr\u00f3 entusiasmado con la idea de venir tocar a Santa Isabel ya que guardaba buenos recuerdos del mismo, pero finalmente y por diversos motivos esto no se concret\u00f3.<\/p>\n<p>Tambi\u00e9n podemos mencionar lo que el periodista y pol\u00edtico nacido en nuestra localidad, Elbio Mart\u00ednez, ese 25 de febrero escrib\u00eda en un foro de <a href=\"http:\/\/www.argentinoenusa.com\">www.argentinosenusa.com.ar<\/a>: \u00abHace un par de meses lo cruc\u00e9 en un estudio de televisi\u00f3n en Rosario. Ah\u00ed, este grande del rock me confirm\u00f3 lo que dice en su propio sitio, naci\u00f3 hace casi 55 a\u00f1os en Santa Isabel, al sur de la provincia de Santa Fe, aunque desde muy peque\u00f1o vivi\u00f3 en Buenos Aires.\u00bb<\/p>\n<p>Para poder establecer la verdad sobre el nacimiento de Norberto Napolitano habr\u00e1 que ahondar e investigar en registros locales y provinciales. Aunque hay muchos indicios de que \u00abEl Carpo\u00bb efectivamente naci\u00f3 en nuestro pueblo, tambi\u00e9n se asegura de que ese hecho aconteci\u00f3n en el barrio de La Paternal de la ciudad de Buenos Aires.<\/p>\n<p><span style=\"text-decoration: underline;\"><iframe class='youtube-player youtuber' type='text\/html' width='425' height='355' src='http:\/\/www.youtube.com\/embed\/8ylGmIBSK78?rel=0&amp;fs=1' webkitAllowFullScreen mozallowfullscreen allowFullScreen frameborder='0'><\/iframe><\/span><\/p>\n<p>&nbsp;<\/p>\n<p>&nbsp;<\/p>\n<p><span style=\"text-decoration: underline;\">Fuente<\/span>: <a href=\"http:\/\/www.enteregionalcultura.com.ar\/ambitoc\">\u00c1mbito C <\/a>y <a href=\"http:\/\/www.acercarweb.com.ar\/pappo.htm\">www.acercarweb.com.ar<\/a><\/p>\n<p>&nbsp;<\/p>\n<p>&nbsp;<\/p>\n","protected":false},"excerpt":{"rendered":"<p>Durante la ultima edici\u00f3n de \u00ab\u00c1mbito C\u00bb el Coordinador de Cultura de \u00a0Santa Isabel Oscar Milanesi, nos [&hellip;]<\/p>\n","protected":false},"author":3,"featured_media":0,"comment_status":"open","ping_status":"open","sticky":false,"template":"","format":"standard","meta":{"_jetpack_memberships_contains_paid_content":false,"footnotes":"","jetpack_publicize_message":"","jetpack_publicize_feature_enabled":true,"jetpack_social_post_already_shared":false,"jetpack_social_options":{"image_generator_settings":{"template":"highway","enabled":false}}},"categories":[3],"tags":[],"jetpack_publicize_connections":[],"jetpack_featured_media_url":"","jetpack_sharing_enabled":true,"_links":{"self":[{"href":"https:\/\/enteculturalsantafesino.com.ar\/usina3\/wp-json\/wp\/v2\/posts\/6964"}],"collection":[{"href":"https:\/\/enteculturalsantafesino.com.ar\/usina3\/wp-json\/wp\/v2\/posts"}],"about":[{"href":"https:\/\/enteculturalsantafesino.com.ar\/usina3\/wp-json\/wp\/v2\/types\/post"}],"author":[{"embeddable":true,"href":"https:\/\/enteculturalsantafesino.com.ar\/usina3\/wp-json\/wp\/v2\/users\/3"}],"replies":[{"embeddable":true,"href":"https:\/\/enteculturalsantafesino.com.ar\/usina3\/wp-json\/wp\/v2\/comments?post=6964"}],"version-history":[{"count":0,"href":"https:\/\/enteculturalsantafesino.com.ar\/usina3\/wp-json\/wp\/v2\/posts\/6964\/revisions"}],"wp:attachment":[{"href":"https:\/\/enteculturalsantafesino.com.ar\/usina3\/wp-json\/wp\/v2\/media?parent=6964"}],"wp:term":[{"taxonomy":"category","embeddable":true,"href":"https:\/\/enteculturalsantafesino.com.ar\/usina3\/wp-json\/wp\/v2\/categories?post=6964"},{"taxonomy":"post_tag","embeddable":true,"href":"https:\/\/enteculturalsantafesino.com.ar\/usina3\/wp-json\/wp\/v2\/tags?post=6964"}],"curies":[{"name":"wp","href":"https:\/\/api.w.org\/{rel}","templated":true}]}}