{"id":7273,"date":"2012-11-20T13:41:27","date_gmt":"2012-11-20T13:41:27","guid":{"rendered":"http:\/\/entecultura.com.ar\/noticias\/?p=7273"},"modified":"2012-11-20T13:41:27","modified_gmt":"2012-11-20T13:41:27","slug":"santa-isabel-cierre-de-talleres-2012","status":"publish","type":"post","link":"https:\/\/enteculturalsantafesino.com.ar\/usina3\/2012\/11\/santa-isabel-cierre-de-talleres-2012\/","title":{"rendered":"SANTA ISABEL: CIERRE DE TALLERES 2012"},"content":{"rendered":"<p><a href=\"http:\/\/enteculturalsantafesino.com.ar\/usina1\/wp-content\/uploads\/2012\/11\/talleres-en-santa-isabel.jpg\" rel=\"lightbox[7273]\"><img loading=\"lazy\" decoding=\"async\" class=\"alignright size-medium wp-image-7274\" title=\"talleres en santa isabel\" src=\"http:\/\/enteculturalsantafesino.com.ar\/usina1\/wp-content\/uploads\/2012\/11\/talleres-en-santa-isabel-213x300.jpg\" alt=\"\" width=\"213\" height=\"300\" \/><\/a>El pr\u00f3ximo domingo 25 desde las 19:30 en el Complejo Cultural Centenario se desarrollar\u00e1 el Cierre de Talleres 2012. Con la presencia de Espect\u00e1culosde danzas y M\u00fasica junto a una\u00a0Muestra Est\u00e1tica, Santa Isabel expone todo su potencial cultural y art\u00edstico, con entrada libre y gratuita<\/p>\n","protected":false},"excerpt":{"rendered":"<p>El pr\u00f3ximo domingo 25 desde las 19:30 en el Complejo Cultural Centenario se desarrollar\u00e1 el Cierre de [&hellip;]<\/p>\n","protected":false},"author":3,"featured_media":0,"comment_status":"open","ping_status":"open","sticky":false,"template":"","format":"standard","meta":{"_jetpack_newsletter_access":"","_jetpack_dont_email_post_to_subs":false,"_jetpack_newsletter_tier_id":0,"_jetpack_memberships_contains_paywalled_content":false,"_jetpack_feature_clip_id":0,"_jetpack_memberships_contains_paid_content":false,"footnotes":"","jetpack_publicize_message":"","jetpack_publicize_feature_enabled":true,"jetpack_social_post_already_shared":false,"jetpack_social_options":{"image_generator_settings":{"template":"highway","default_image_id":0,"font":"","enabled":false},"version":2},"jetpack_post_was_ever_published":false},"categories":[3],"tags":[],"class_list":["post-7273","post","type-post","status-publish","format-standard","hentry","category-santa-isabel"],"jetpack_publicize_connections":[],"jetpack_sharing_enabled":true,"jetpack_featured_media_url":"","_links":{"self":[{"href":"https:\/\/enteculturalsantafesino.com.ar\/usina3\/wp-json\/wp\/v2\/posts\/7273","targetHints":{"allow":["GET"]}}],"collection":[{"href":"https:\/\/enteculturalsantafesino.com.ar\/usina3\/wp-json\/wp\/v2\/posts"}],"about":[{"href":"https:\/\/enteculturalsantafesino.com.ar\/usina3\/wp-json\/wp\/v2\/types\/post"}],"author":[{"embeddable":true,"href":"https:\/\/enteculturalsantafesino.com.ar\/usina3\/wp-json\/wp\/v2\/users\/3"}],"replies":[{"embeddable":true,"href":"https:\/\/enteculturalsantafesino.com.ar\/usina3\/wp-json\/wp\/v2\/comments?post=7273"}],"version-history":[{"count":0,"href":"https:\/\/enteculturalsantafesino.com.ar\/usina3\/wp-json\/wp\/v2\/posts\/7273\/revisions"}],"wp:attachment":[{"href":"https:\/\/enteculturalsantafesino.com.ar\/usina3\/wp-json\/wp\/v2\/media?parent=7273"}],"wp:term":[{"taxonomy":"category","embeddable":true,"href":"https:\/\/enteculturalsantafesino.com.ar\/usina3\/wp-json\/wp\/v2\/categories?post=7273"},{"taxonomy":"post_tag","embeddable":true,"href":"https:\/\/enteculturalsantafesino.com.ar\/usina3\/wp-json\/wp\/v2\/tags?post=7273"}],"curies":[{"name":"wp","href":"https:\/\/api.w.org\/{rel}","templated":true}]}}