{"id":8461,"date":"2013-02-10T23:32:39","date_gmt":"2013-02-10T23:32:39","guid":{"rendered":"http:\/\/entecultura.com.ar\/noticias\/?p=8461"},"modified":"2013-02-10T23:32:39","modified_gmt":"2013-02-10T23:32:39","slug":"santa-isabel-amigos-del-tango-agradecieron-a-todo-pulmon","status":"publish","type":"post","link":"https:\/\/enteculturalsantafesino.com.ar\/usina3\/2013\/02\/santa-isabel-amigos-del-tango-agradecieron-a-todo-pulmon\/","title":{"rendered":"SANTA ISABEL: \u00abAMIGOS DEL TANGO\u00bb AGRADECIERON \u00abA TODO PULM\u00d3N\u00bb"},"content":{"rendered":"<p>El martes 5 de febrero, integrantes del grupo Los Amigos del Tango, de la<a href=\"http:\/\/enteculturalsantafesino.com.ar\/usina1\/wp-content\/uploads\/2013\/02\/REUNION-AMIGOS.jpg\" rel=\"lightbox[8461]\"><img loading=\"lazy\" decoding=\"async\" class=\"alignright size-medium wp-image-8462\" alt=\"REUNION AMIGOS\" src=\"http:\/\/enteculturalsantafesino.com.ar\/usina1\/wp-content\/uploads\/2013\/02\/REUNION-AMIGOS-300x225.jpg\" width=\"300\" height=\"225\" \/><\/a><\/p>\n<p>localidad de Mar\u00eda Teresa visitaron la Comuna de Santa Isabel y se reunieron con el Presidente Comunal, Mario K ovacevic, y con el Secretario de Gobierno, Eduardo Teppaz, expresando su benepl\u00e1cito por las honras recibidas en la primera noche, la del 13 de enero, por el festival A Todo Pulm\u00f3n.<\/p>\n<p>En esa oportunidad los visitantes fueron homenajeados por la organizaci\u00f3n del Festival, compartiendo su m\u00fasica con los concurrentes quienes agradecieron su arte con cerrados aplausos.<br \/>\nEn esta visita a la Comuna, estuvieron los Se\u00f1ores Ruperto Avalis, Rub\u00e9n Varela, Oscar Malina y Oscar Albetti. El grupo, que tambi\u00e9n tiene como integrantes a Luis Romaldini, Juan Jos\u00e9 Busso, Daniela Varela y C\u00e9sar Mirada, dej\u00f3 una nota fechada el 28 de enero pasado que dice lo siguiente:<br \/>\n\u00abEl grupo musical Los Amigos del Tango agradecemos y destacamos el intenso trabajo realizado en la organizaci\u00f3n de \u201cA Todo Pulm\u00f3n 2013\u201d. Manifestamos que por cuestiones generacionales nos vimos sorprendidos con la excelente calidad de los artistas que han pasado durante cada domingo por el tan bien logrado y ambientado escenario, donde distintos g\u00e9neros musicales fueron ovacionados por el p\u00fablico presente. Sabemos que la vida en los pueblos se va transformando, por lo cual nos alegra que aparezcan grupos de j\u00f3venes que disfrutan y se comprometen con la m\u00fasica.\u00a0 Queremos hacer saber a ustedes que esta distinci\u00f3n que hemos recibido pertenece a todos aquellos que por m\u00e1s de tres d\u00e9cadas nos hemos comprometido con alegr\u00eda y profesionalidad. \u00a1Gracias vecinos de Santa Isabel! Un especial agradecimiento a las autoridades comunales de Mar\u00eda Teresa que nos han permitido con nuestro estilo propio ser merecedores de este homenaje. Gente de Santa Isabel contin\u00faen como hasta hoy enarbolando el lema lo que se sabe sentir, se sabe decir y se hace conocer\u00bb.<br \/>\n\u00abA Todo Pulm\u00f3n\u00bb realiza cada a\u00f1o un homenaje a artistas distinguidos, de gran trayectoria en la regi\u00f3n y en Santa Isabel. De tal manera, en distintas ediciones del Festival, fueron distinguidos Eduardo Tirabassi, de Villa Ca\u00f1\u00e1s; Nilda de Sunde, de Santa Isabel, Mito Ganim, de Venado Tuerto; Los Hermanos Zabala, de Santa Isabel; y en esta oportunidad, Los Amigos del Tango, de Mar\u00eda Teresa.<\/p>\n<iframe class='youtube-player youtuber' type='text\/html' width='425' height='355' src='http:\/\/www.youtube.com\/embed\/3VyhUcNjLGI?rel=0&amp;fs=1' webkitAllowFullScreen mozallowfullscreen allowFullScreen frameborder='0'><\/iframe>\n","protected":false},"excerpt":{"rendered":"<p>El martes 5 de febrero, integrantes del grupo Los Amigos del Tango, de la localidad de Mar\u00eda [&hellip;]<\/p>\n","protected":false},"author":3,"featured_media":0,"comment_status":"closed","ping_status":"closed","sticky":false,"template":"","format":"standard","meta":{"_jetpack_memberships_contains_paid_content":false,"footnotes":"","jetpack_publicize_message":"","jetpack_publicize_feature_enabled":true,"jetpack_social_post_already_shared":false,"jetpack_social_options":{"image_generator_settings":{"template":"highway","enabled":false}}},"categories":[3],"tags":[],"jetpack_publicize_connections":[],"jetpack_featured_media_url":"","jetpack_sharing_enabled":true,"_links":{"self":[{"href":"https:\/\/enteculturalsantafesino.com.ar\/usina3\/wp-json\/wp\/v2\/posts\/8461"}],"collection":[{"href":"https:\/\/enteculturalsantafesino.com.ar\/usina3\/wp-json\/wp\/v2\/posts"}],"about":[{"href":"https:\/\/enteculturalsantafesino.com.ar\/usina3\/wp-json\/wp\/v2\/types\/post"}],"author":[{"embeddable":true,"href":"https:\/\/enteculturalsantafesino.com.ar\/usina3\/wp-json\/wp\/v2\/users\/3"}],"replies":[{"embeddable":true,"href":"https:\/\/enteculturalsantafesino.com.ar\/usina3\/wp-json\/wp\/v2\/comments?post=8461"}],"version-history":[{"count":0,"href":"https:\/\/enteculturalsantafesino.com.ar\/usina3\/wp-json\/wp\/v2\/posts\/8461\/revisions"}],"wp:attachment":[{"href":"https:\/\/enteculturalsantafesino.com.ar\/usina3\/wp-json\/wp\/v2\/media?parent=8461"}],"wp:term":[{"taxonomy":"category","embeddable":true,"href":"https:\/\/enteculturalsantafesino.com.ar\/usina3\/wp-json\/wp\/v2\/categories?post=8461"},{"taxonomy":"post_tag","embeddable":true,"href":"https:\/\/enteculturalsantafesino.com.ar\/usina3\/wp-json\/wp\/v2\/tags?post=8461"}],"curies":[{"name":"wp","href":"https:\/\/api.w.org\/{rel}","templated":true}]}}