{"id":8588,"date":"2013-02-22T11:37:25","date_gmt":"2013-02-22T11:37:25","guid":{"rendered":"http:\/\/entecultura.com.ar\/noticias\/?p=8588"},"modified":"2013-02-22T11:37:25","modified_gmt":"2013-02-22T11:37:25","slug":"santa-isabel-abierta-la-inscripcion-para-talleres-comunales","status":"publish","type":"post","link":"https:\/\/enteculturalsantafesino.com.ar\/usina3\/2013\/02\/santa-isabel-abierta-la-inscripcion-para-talleres-comunales\/","title":{"rendered":"SANTA ISABEL: ABIERTA LA INSCRIPCI\u00d3N PARA TALLERES COMUNALES"},"content":{"rendered":"<p>El \u00c1rea de Cultura de la Comuna de Santa Isabel informa que est\u00e1\u00a0 <a href=\"http:\/\/enteculturalsantafesino.com.ar\/usina1\/wp-content\/uploads\/2013\/02\/COMUNA-SAN-ISABEL.jpg\" rel=\"lightbox[8588]\"><img loading=\"lazy\" decoding=\"async\" class=\"alignright size-medium wp-image-8589\" alt=\"COMUNA SAN ISABEL\" src=\"http:\/\/enteculturalsantafesino.com.ar\/usina1\/wp-content\/uploads\/2013\/02\/COMUNA-SAN-ISABEL-300x111.jpg\" width=\"300\" height=\"111\" \/><\/a><\/p>\n<p>abieta la inscripci\u00f3n para los Talleres Comuales existentes hasta el\u00a0 final del a\u00f1o pasado:<\/p>\n<p>&#8211; Piano<\/p>\n<p>&#8211; Fotograf\u00eda<\/p>\n<p>&#8211; Tango<\/p>\n<p>&#8211; Guitarra<\/p>\n<p>&#8211; Cer\u00e1mica<\/p>\n<p>&#8211; Coro<\/p>\n<p>&#8211; Porcelana en fr\u00edo<\/p>\n<p>Tambi\u00e9n ser\u00e1n tenidas en cuenta nuevas sugerencias que aporten los interesados.<\/p>\n<p><em>Las inscripciones y sugerencias se reciben en\u00a0 Mesa de entradas de la Comuna en horario de 07:00 a 13:00 en d\u00edas h\u00e1biles.<\/em><\/p>\n<p><em>\u00a0Cierre: 22 de marzo.<\/em><\/p>\n<p><em>\u00a0Comienzo de los Talleres: 3 de abril.<\/em><\/p>\n","protected":false},"excerpt":{"rendered":"<p>El \u00c1rea de Cultura de la Comuna de Santa Isabel informa que est\u00e1\u00a0 abieta la inscripci\u00f3n para [&hellip;]<\/p>\n","protected":false},"author":3,"featured_media":0,"comment_status":"closed","ping_status":"closed","sticky":false,"template":"","format":"standard","meta":{"_jetpack_memberships_contains_paid_content":false,"footnotes":"","jetpack_publicize_message":"","jetpack_publicize_feature_enabled":true,"jetpack_social_post_already_shared":false,"jetpack_social_options":{"image_generator_settings":{"template":"highway","enabled":false}}},"categories":[3],"tags":[],"jetpack_publicize_connections":[],"jetpack_featured_media_url":"","jetpack_sharing_enabled":true,"_links":{"self":[{"href":"https:\/\/enteculturalsantafesino.com.ar\/usina3\/wp-json\/wp\/v2\/posts\/8588"}],"collection":[{"href":"https:\/\/enteculturalsantafesino.com.ar\/usina3\/wp-json\/wp\/v2\/posts"}],"about":[{"href":"https:\/\/enteculturalsantafesino.com.ar\/usina3\/wp-json\/wp\/v2\/types\/post"}],"author":[{"embeddable":true,"href":"https:\/\/enteculturalsantafesino.com.ar\/usina3\/wp-json\/wp\/v2\/users\/3"}],"replies":[{"embeddable":true,"href":"https:\/\/enteculturalsantafesino.com.ar\/usina3\/wp-json\/wp\/v2\/comments?post=8588"}],"version-history":[{"count":0,"href":"https:\/\/enteculturalsantafesino.com.ar\/usina3\/wp-json\/wp\/v2\/posts\/8588\/revisions"}],"wp:attachment":[{"href":"https:\/\/enteculturalsantafesino.com.ar\/usina3\/wp-json\/wp\/v2\/media?parent=8588"}],"wp:term":[{"taxonomy":"category","embeddable":true,"href":"https:\/\/enteculturalsantafesino.com.ar\/usina3\/wp-json\/wp\/v2\/categories?post=8588"},{"taxonomy":"post_tag","embeddable":true,"href":"https:\/\/enteculturalsantafesino.com.ar\/usina3\/wp-json\/wp\/v2\/tags?post=8588"}],"curies":[{"name":"wp","href":"https:\/\/api.w.org\/{rel}","templated":true}]}}