{"id":8656,"date":"2013-02-27T05:35:17","date_gmt":"2013-02-27T05:35:17","guid":{"rendered":"http:\/\/entecultura.com.ar\/noticias\/?p=8656"},"modified":"2013-02-27T05:35:17","modified_gmt":"2013-02-27T05:35:17","slug":"santa-isabel-la-marrupena-continua-su-camino","status":"publish","type":"post","link":"https:\/\/enteculturalsantafesino.com.ar\/usina3\/2013\/02\/santa-isabel-la-marrupena-continua-su-camino\/","title":{"rendered":"SANTA ISABEL: \u00abLA MARRUPE\u00d1A\u00bb CONTIN\u00daA SU CAMINO"},"content":{"rendered":"<p><span style=\"color: #101314;\">As\u00ed parece decir el presente de la Compa\u00f1\u00eda Internacional de Danzas <a href=\"http:\/\/enteculturalsantafesino.com.ar\/usina1\/wp-content\/uploads\/2013\/02\/marrupe\u00f1a.jpg\" rel=\"lightbox[8656]\"><img loading=\"lazy\" decoding=\"async\" class=\"alignright size-medium wp-image-8657\" alt=\"marrupe\u00f1a\" src=\"http:\/\/enteculturalsantafesino.com.ar\/usina1\/wp-content\/uploads\/2013\/02\/marrupe\u00f1a-300x230.jpg\" width=\"300\" height=\"230\" \/><\/a><\/span><\/p>\n<p><span style=\"color: #101314;\">La Marrupe\u00f1a. Despu\u00e9s de haber realizado con todo \u00e9xito su primer festival internacional \u201cCaminos de Tierra\u201d durante el 2012, con la presencia del grupo Andanzas de Brasil y recorriendo pueblos y ciudades de la argentina, la Compa\u00f1\u00eda dirigida por el Lic. Ernesto Sunde comienza el 2013 con grandes actuaciones e importantes proyectos.<\/span><\/p>\n<p>Durante enero, por invitaci\u00f3n del grupo La Jangada, se present\u00f3 en el escenario de \u00abA Todo Pulm\u00f3n\u00bb con danzas norte\u00f1as, y luego tango en otra de las noches estelares de este festival.<\/p>\n<p>Inmediatamente posterior a estas actuaciones y nuevamente por intermedio de La Jangada, La Marrupe\u00f1a recibe la propuesta de representar el tema de Calle 13, Latinoam\u00e9rica en la excelente versi\u00f3n que el grupo de canto de Santa Isabel presentar\u00eda en la noche del 23 de enero en Cosqu\u00edn 2013. Con este objetivo la Compa\u00f1\u00eda ensaya m\u00e1s de 16 hs. durante el fin de semana previo y consigue montar, con aportes de teatro de Monica Dellacroce, la coreograf\u00eda para ese tema espec\u00edficamente.<\/p>\n<p>El trabajo coreogr\u00e1fico y su interpretaci\u00f3n por parte de los bailarines dieron sus frutos al acrecentar la emotiva presentaci\u00f3n de La Jangada en el escenario Atahualpa Yupanqui, la cual se vio en vivo a trav\u00e9s de la televisi\u00f3n p\u00fablica para todo el pa\u00eds.<\/p>\n<p>La repercusi\u00f3n de esta presentaci\u00f3n fue tan buena que r\u00e1pidamente llegan invitaciones para ser presentada en distintos escenarios de la regi\u00f3n. As\u00ed la Compa\u00f1\u00eda Internacional de Danzas La Marrupe\u00f1a se estar\u00e1 presentando con el mensaje de unidad Latinoamericana (que la compa\u00f1\u00eda trasmite en cada encuentro internacional del que participa) en las localidades de San Gregorio el pr\u00f3ximo 2 de marzo, el 9 del mismo en el festival de M\u00fasica popular y Artesan\u00edas de Camilo Aldao y el 15 en la Fiesta de las Colectividades en Cafferata.<\/p>\n<p>Pero no concluye en estas presentaciones el camino que la Compa\u00f1\u00eda recorrer\u00e1 en el 2013. Ya a finales de marzo argentina se ver\u00e1 nuevamente representada por La Marrupe\u00f1a en un acontecimiento internacional. Esta vez, en 88\u00aa \u201cSemana Criolla\u201d en Montevideo (Uruguay), evento organizado por la Intendencia Municipal de Montevideo desde el a\u00f1o 1925. Es una de las festividades m\u00e1s importantes del calendario tur\u00edstico uruguayo, acercando la cultura \u201cgauchesca\u201d y la tradici\u00f3n del campo a la capital.<\/p>\n<p>Por estas razones es que la Compa\u00f1\u00eda, con sus integrantes de C\u00f3rdoba, Buenos Aires y Santa Fe pide horizontes y hace un camino de encuentro, confraternizaci\u00f3n y crecimiento a trav\u00e9s de las danzas y la divulgaci\u00f3n del folclore argentino en sus variadas manifestaciones. \u201cVamos caminando \u201c\u00a0 parece decir el presente de estos artistas, ellos y el p\u00fablico saben por qu\u00e9 caminan. Adem\u00e1s de estas numerosas presentaciones, ah\u00ed adelante tambi\u00e9n est\u00e1n los festejos de los 40 a\u00f1os de la instituci\u00f3n que le dio origen, la Escuela de arte folcl\u00f3rico La Marrupe\u00f1a.<\/p>\n<p>Fuente: La Marrupe\u00f1a<\/p>\n<p>&nbsp;<\/p>\n","protected":false},"excerpt":{"rendered":"<p>As\u00ed parece decir el presente de la Compa\u00f1\u00eda Internacional de Danzas La Marrupe\u00f1a. Despu\u00e9s de haber realizado [&hellip;]<\/p>\n","protected":false},"author":3,"featured_media":0,"comment_status":"closed","ping_status":"closed","sticky":false,"template":"","format":"standard","meta":{"_jetpack_memberships_contains_paid_content":false,"footnotes":"","jetpack_publicize_message":"","jetpack_publicize_feature_enabled":true,"jetpack_social_post_already_shared":false,"jetpack_social_options":{"image_generator_settings":{"template":"highway","enabled":false}}},"categories":[3],"tags":[],"jetpack_publicize_connections":[],"jetpack_featured_media_url":"","jetpack_sharing_enabled":true,"_links":{"self":[{"href":"https:\/\/enteculturalsantafesino.com.ar\/usina3\/wp-json\/wp\/v2\/posts\/8656"}],"collection":[{"href":"https:\/\/enteculturalsantafesino.com.ar\/usina3\/wp-json\/wp\/v2\/posts"}],"about":[{"href":"https:\/\/enteculturalsantafesino.com.ar\/usina3\/wp-json\/wp\/v2\/types\/post"}],"author":[{"embeddable":true,"href":"https:\/\/enteculturalsantafesino.com.ar\/usina3\/wp-json\/wp\/v2\/users\/3"}],"replies":[{"embeddable":true,"href":"https:\/\/enteculturalsantafesino.com.ar\/usina3\/wp-json\/wp\/v2\/comments?post=8656"}],"version-history":[{"count":0,"href":"https:\/\/enteculturalsantafesino.com.ar\/usina3\/wp-json\/wp\/v2\/posts\/8656\/revisions"}],"wp:attachment":[{"href":"https:\/\/enteculturalsantafesino.com.ar\/usina3\/wp-json\/wp\/v2\/media?parent=8656"}],"wp:term":[{"taxonomy":"category","embeddable":true,"href":"https:\/\/enteculturalsantafesino.com.ar\/usina3\/wp-json\/wp\/v2\/categories?post=8656"},{"taxonomy":"post_tag","embeddable":true,"href":"https:\/\/enteculturalsantafesino.com.ar\/usina3\/wp-json\/wp\/v2\/tags?post=8656"}],"curies":[{"name":"wp","href":"https:\/\/api.w.org\/{rel}","templated":true}]}}