{"id":8769,"date":"2013-03-06T13:19:16","date_gmt":"2013-03-06T13:19:16","guid":{"rendered":"http:\/\/entecultura.com.ar\/noticias\/?p=8769"},"modified":"2013-03-06T13:19:16","modified_gmt":"2013-03-06T13:19:16","slug":"santa-isabelabierta-la-inscripcion-para-talleres-comunales-2013","status":"publish","type":"post","link":"https:\/\/enteculturalsantafesino.com.ar\/usina3\/2013\/03\/santa-isabelabierta-la-inscripcion-para-talleres-comunales-2013\/","title":{"rendered":"SANTA ISABEL: ABIERTA LA INSCRIPCI\u00d3N PARA TALLERES COMUNALES 2013"},"content":{"rendered":"<p><span style=\"color: #101314; font-family: Verdana;\">El \u00c1rea de Cultura de la <a href=\"http:\/\/enteculturalsantafesino.com.ar\/usina1\/wp-content\/uploads\/2012\/12\/CULTURA.jpg\" rel=\"lightbox[8769]\"><img loading=\"lazy\" decoding=\"async\" class=\"alignright size-medium wp-image-7591\" alt=\"CULTURA\" src=\"http:\/\/enteculturalsantafesino.com.ar\/usina1\/wp-content\/uploads\/2012\/12\/CULTURA-300x136.jpg\" width=\"300\" height=\"136\" \/><\/a><\/span><\/p>\n<p><span style=\"color: #101314; font-family: Verdana;\">Comuna de Santa Isabel informa que <\/span><\/p>\n<p><span style=\"color: #101314; font-family: Verdana;\">est\u00e1 abierta la inscripci\u00f3n para los<br \/>\nTalleres <\/span>Comunales existentes hasta el final del a\u00f1o pasado: Piano, Fotograf\u00eda, Tango, Guitarra, Cer\u00e1mica, Coro, Porcelana en fr\u00edo.<\/p>\n<p>Tambi\u00e9n ser\u00e1n tenidas en cuenta nuevas sugerencias que aporten los interesados.<\/p>\n<p>Las inscripciones y sugerencias se reciben en Mesa de entradas de la Comuna en horario de 07:00 a 13:00 en d\u00edas h\u00e1biles.<\/p>\n<p>Cierre: 22 de marzo.<\/p>\n<p>Comienzo de los Talleres: 3 de abril.<\/p>\n<p>&nbsp;<\/p>\n","protected":false},"excerpt":{"rendered":"<p>El \u00c1rea de Cultura de la Comuna de Santa Isabel informa que est\u00e1 abierta la inscripci\u00f3n para [&hellip;]<\/p>\n","protected":false},"author":3,"featured_media":8602,"comment_status":"closed","ping_status":"closed","sticky":false,"template":"","format":"standard","meta":{"_jetpack_memberships_contains_paid_content":false,"footnotes":"","jetpack_publicize_message":"","jetpack_publicize_feature_enabled":true,"jetpack_social_post_already_shared":false,"jetpack_social_options":{"image_generator_settings":{"template":"highway","enabled":false}}},"categories":[3],"tags":[],"jetpack_publicize_connections":[],"jetpack_featured_media_url":"","jetpack_sharing_enabled":true,"_links":{"self":[{"href":"https:\/\/enteculturalsantafesino.com.ar\/usina3\/wp-json\/wp\/v2\/posts\/8769"}],"collection":[{"href":"https:\/\/enteculturalsantafesino.com.ar\/usina3\/wp-json\/wp\/v2\/posts"}],"about":[{"href":"https:\/\/enteculturalsantafesino.com.ar\/usina3\/wp-json\/wp\/v2\/types\/post"}],"author":[{"embeddable":true,"href":"https:\/\/enteculturalsantafesino.com.ar\/usina3\/wp-json\/wp\/v2\/users\/3"}],"replies":[{"embeddable":true,"href":"https:\/\/enteculturalsantafesino.com.ar\/usina3\/wp-json\/wp\/v2\/comments?post=8769"}],"version-history":[{"count":0,"href":"https:\/\/enteculturalsantafesino.com.ar\/usina3\/wp-json\/wp\/v2\/posts\/8769\/revisions"}],"wp:featuredmedia":[{"embeddable":true,"href":"https:\/\/enteculturalsantafesino.com.ar\/usina3\/wp-json\/"}],"wp:attachment":[{"href":"https:\/\/enteculturalsantafesino.com.ar\/usina3\/wp-json\/wp\/v2\/media?parent=8769"}],"wp:term":[{"taxonomy":"category","embeddable":true,"href":"https:\/\/enteculturalsantafesino.com.ar\/usina3\/wp-json\/wp\/v2\/categories?post=8769"},{"taxonomy":"post_tag","embeddable":true,"href":"https:\/\/enteculturalsantafesino.com.ar\/usina3\/wp-json\/wp\/v2\/tags?post=8769"}],"curies":[{"name":"wp","href":"https:\/\/api.w.org\/{rel}","templated":true}]}}