{"id":8771,"date":"2013-03-19T14:07:51","date_gmt":"2013-03-19T14:07:51","guid":{"rendered":"http:\/\/entecultura.com.ar\/usina3\/?p=8771"},"modified":"2013-03-19T14:07:51","modified_gmt":"2013-03-19T14:07:51","slug":"19-de-marzo-dia-internacional-del-artesano","status":"publish","type":"post","link":"https:\/\/enteculturalsantafesino.com.ar\/usina3\/2013\/03\/19-de-marzo-dia-internacional-del-artesano\/","title":{"rendered":"19 de marzo \u00abD\u00eda Internacional del Artesano\u00bb"},"content":{"rendered":"<p>El santoral de la fecha es \u201cSan Jos\u00e9 Carpintero\u201d, que conmemora el oficio de<a href=\"http:\/\/enteculturalsantafesino.com.ar\/usina3\/wp-content\/uploads\/2013\/03\/artesano-3.jpg\" rel=\"lightbox[8771]\"><img loading=\"lazy\" decoding=\"async\" class=\"size-full wp-image-8772 alignright\" alt=\"artesano 3\" src=\"http:\/\/enteculturalsantafesino.com.ar\/usina3\/wp-content\/uploads\/2013\/03\/artesano-3.jpg\" width=\"275\" height=\"183\" \/><\/a><\/p>\n<p>quien fue el padre terrenal de Nuestro Se\u00f1or Jesucristo.<\/p>\n<p>Si bien existieron artesanos antes de su aparici\u00f3n, se lo considera como s\u00edmbolo de la artesan\u00eda por haber tomado masivo conocimiento de su oficio a trav\u00e9s de la Biblia.<\/p>\n","protected":false},"excerpt":{"rendered":"<p>El santoral de la fecha es \u201cSan Jos\u00e9 Carpintero\u201d, que conmemora el oficio de quien fue el [&hellip;]<\/p>\n","protected":false},"author":3,"featured_media":8772,"comment_status":"open","ping_status":"open","sticky":false,"template":"","format":"standard","meta":{"_jetpack_memberships_contains_paid_content":false,"footnotes":"","jetpack_publicize_message":"","jetpack_publicize_feature_enabled":true,"jetpack_social_post_already_shared":false,"jetpack_social_options":{"image_generator_settings":{"template":"highway","enabled":false}}},"categories":[1],"tags":[],"jetpack_publicize_connections":[],"jetpack_featured_media_url":"https:\/\/enteculturalsantafesino.com.ar\/usina3\/wp-content\/uploads\/2013\/03\/artesano-3.jpg","jetpack_sharing_enabled":true,"_links":{"self":[{"href":"https:\/\/enteculturalsantafesino.com.ar\/usina3\/wp-json\/wp\/v2\/posts\/8771"}],"collection":[{"href":"https:\/\/enteculturalsantafesino.com.ar\/usina3\/wp-json\/wp\/v2\/posts"}],"about":[{"href":"https:\/\/enteculturalsantafesino.com.ar\/usina3\/wp-json\/wp\/v2\/types\/post"}],"author":[{"embeddable":true,"href":"https:\/\/enteculturalsantafesino.com.ar\/usina3\/wp-json\/wp\/v2\/users\/3"}],"replies":[{"embeddable":true,"href":"https:\/\/enteculturalsantafesino.com.ar\/usina3\/wp-json\/wp\/v2\/comments?post=8771"}],"version-history":[{"count":0,"href":"https:\/\/enteculturalsantafesino.com.ar\/usina3\/wp-json\/wp\/v2\/posts\/8771\/revisions"}],"wp:featuredmedia":[{"embeddable":true,"href":"https:\/\/enteculturalsantafesino.com.ar\/usina3\/wp-json\/wp\/v2\/media\/8772"}],"wp:attachment":[{"href":"https:\/\/enteculturalsantafesino.com.ar\/usina3\/wp-json\/wp\/v2\/media?parent=8771"}],"wp:term":[{"taxonomy":"category","embeddable":true,"href":"https:\/\/enteculturalsantafesino.com.ar\/usina3\/wp-json\/wp\/v2\/categories?post=8771"},{"taxonomy":"post_tag","embeddable":true,"href":"https:\/\/enteculturalsantafesino.com.ar\/usina3\/wp-json\/wp\/v2\/tags?post=8771"}],"curies":[{"name":"wp","href":"https:\/\/api.w.org\/{rel}","templated":true}]}}