{"id":8789,"date":"2013-03-25T20:08:06","date_gmt":"2013-03-25T20:08:06","guid":{"rendered":"http:\/\/entecultura.com.ar\/usina3\/?p=8789"},"modified":"2013-03-25T20:08:06","modified_gmt":"2013-03-25T20:08:06","slug":"comienzan-los-talleres-en-el-complejo-cultural-de-santa-isabel","status":"publish","type":"post","link":"https:\/\/enteculturalsantafesino.com.ar\/usina3\/2013\/03\/comienzan-los-talleres-en-el-complejo-cultural-de-santa-isabel\/","title":{"rendered":"Comienzan los Talleres en el Complejo Cultural de Santa Isabel"},"content":{"rendered":"<p>El 3 de abril comenzar\u00e1n las clases de distintos talleres que se realizar\u00e1n <a href=\"http:\/\/enteculturalsantafesino.com.ar\/usina3\/wp-content\/uploads\/2013\/03\/CURSOS-Y-TALLERES.png\" rel=\"lightbox[8789]\"><img loading=\"lazy\" decoding=\"async\" class=\"size-medium wp-image-15 alignright\" alt=\"CURSOS Y TALLERES\" src=\"http:\/\/enteculturalsantafesino.com.ar\/usina3\/wp-content\/uploads\/2013\/03\/CURSOS-Y-TALLERES-300x158.png\" width=\"300\" height=\"158\" srcset=\"https:\/\/enteculturalsantafesino.com.ar\/usina3\/wp-content\/uploads\/2013\/03\/CURSOS-Y-TALLERES-300x158.png 300w, https:\/\/enteculturalsantafesino.com.ar\/usina3\/wp-content\/uploads\/2013\/03\/CURSOS-Y-TALLERES.png 308w\" sizes=\"(max-width: 300px) 100vw, 300px\" \/><\/a><\/p>\n<p>durante el transcurso de este a\u00f1o en el Complejo Cultural Centenario. Por este motivo, se realizar\u00e1n reuniones informativas en las que se coordinar\u00e1n distintos detalles.<\/p>\n<p>El lunes 25 de marzo, a las 18:00, hay reuni\u00f3n en el Complejo Cultural Centenario con la Sra. Quita Costa de Carpi destinada a acordar los horarios del taller de piano y comenzar el mi\u00e9rcoles 3 de abril. En tanto, el mi\u00e9rcoles 27 de marzo, a las 18:30 hs., tambi\u00e9n en el Complejo Cultural Centenario, con el profesor Sebasti\u00e1n Medrano, se va a realizar una reuni\u00f3n con todos los inscriptos en el taller de guitarra para acordar horarios ya que las clases comenzar\u00edan el mi\u00e9rcoles 3 de abril.<\/p>\n<p>El jueves 28 de marzo. a las 19:00, hay reuni\u00f3n con los interesados en el taller de fotograf\u00eda a cargo de Pauli Milanes para establecer d\u00edas y horarios de las clases, como as\u00ed tambi\u00e9n el d\u00eda de comienzo de las mismas.<\/p>\n<p>El mi\u00e9rcoles 3 de abril comienzan los talleres de porcelana fr\u00eda, de piano y de guitarra. Por otra parte, ya se encuentra en funcionamiento las clases del coro Voces de Mi Pueblo que est\u00e1 a cargo del profesor Rub\u00e9n M\u00e1rquez. Las clases se realizan los d\u00edas lunes a partir de las 20:30. Quines deseen sumarse a las clases a\u00fan pueden inscribirse u obtener informaciones en el \u00c1rea de Cultura de la Comuna de Santa Isabel<\/p>\n","protected":false},"excerpt":{"rendered":"<p>El 3 de abril comenzar\u00e1n las clases de distintos talleres que se realizar\u00e1n durante el transcurso de [&hellip;]<\/p>\n","protected":false},"author":3,"featured_media":8790,"comment_status":"open","ping_status":"open","sticky":false,"template":"","format":"standard","meta":{"_jetpack_memberships_contains_paid_content":false,"footnotes":"","jetpack_publicize_message":"","jetpack_publicize_feature_enabled":true,"jetpack_social_post_already_shared":false,"jetpack_social_options":{"image_generator_settings":{"template":"highway","enabled":false}}},"categories":[3],"tags":[],"jetpack_publicize_connections":[],"jetpack_featured_media_url":"https:\/\/enteculturalsantafesino.com.ar\/usina3\/wp-content\/uploads\/2013\/03\/cultura.jpg","jetpack_sharing_enabled":true,"_links":{"self":[{"href":"https:\/\/enteculturalsantafesino.com.ar\/usina3\/wp-json\/wp\/v2\/posts\/8789"}],"collection":[{"href":"https:\/\/enteculturalsantafesino.com.ar\/usina3\/wp-json\/wp\/v2\/posts"}],"about":[{"href":"https:\/\/enteculturalsantafesino.com.ar\/usina3\/wp-json\/wp\/v2\/types\/post"}],"author":[{"embeddable":true,"href":"https:\/\/enteculturalsantafesino.com.ar\/usina3\/wp-json\/wp\/v2\/users\/3"}],"replies":[{"embeddable":true,"href":"https:\/\/enteculturalsantafesino.com.ar\/usina3\/wp-json\/wp\/v2\/comments?post=8789"}],"version-history":[{"count":0,"href":"https:\/\/enteculturalsantafesino.com.ar\/usina3\/wp-json\/wp\/v2\/posts\/8789\/revisions"}],"wp:featuredmedia":[{"embeddable":true,"href":"https:\/\/enteculturalsantafesino.com.ar\/usina3\/wp-json\/wp\/v2\/media\/8790"}],"wp:attachment":[{"href":"https:\/\/enteculturalsantafesino.com.ar\/usina3\/wp-json\/wp\/v2\/media?parent=8789"}],"wp:term":[{"taxonomy":"category","embeddable":true,"href":"https:\/\/enteculturalsantafesino.com.ar\/usina3\/wp-json\/wp\/v2\/categories?post=8789"},{"taxonomy":"post_tag","embeddable":true,"href":"https:\/\/enteculturalsantafesino.com.ar\/usina3\/wp-json\/wp\/v2\/tags?post=8789"}],"curies":[{"name":"wp","href":"https:\/\/api.w.org\/{rel}","templated":true}]}}