{"id":8799,"date":"2013-03-29T04:48:18","date_gmt":"2013-03-29T04:48:18","guid":{"rendered":"http:\/\/entecultura.com.ar\/usina3\/?p=8799"},"modified":"2013-03-29T04:50:57","modified_gmt":"2013-03-29T04:50:57","slug":"santa-isabel-2-de-abril-homenjae-a-los-heroes-de-malvinas","status":"publish","type":"post","link":"https:\/\/enteculturalsantafesino.com.ar\/usina3\/2013\/03\/santa-isabel-2-de-abril-homenjae-a-los-heroes-de-malvinas\/","title":{"rendered":"Santa Isabel: 2 de abril homenaje a los H\u00e9roes de Malvinas"},"content":{"rendered":"<div id=\"id_51551b7c91cf82b84213175\">La Comuna de Santa Isabel invita a la comunidad al acto conmemorativo del D\u00eda<a href=\"http:\/\/enteculturalsantafesino.com.ar\/usina3\/wp-content\/uploads\/2013\/03\/malvinas-si.jpg\" rel=\"lightbox[8799]\"><img loading=\"lazy\" decoding=\"async\" class=\"size-full wp-image-8800 alignright\" alt=\"malvinas si\" src=\"http:\/\/enteculturalsantafesino.com.ar\/usina3\/wp-content\/uploads\/2013\/03\/malvinas-si.jpg\" width=\"275\" height=\"183\" \/><\/a><\/div>\n<div>del Veterano y de los Ca\u00eddos en la Guerra de Malvinas que se llevar\u00e1 a cabo el martes 2 de abril a partir de las 10:00 hs.<\/div>\n<div>El mismo se realizar\u00e1 frente al monolito que rinde homenaje a los H\u00e9roes de Malvinas ubicado en la esquina de Mitre y Jos\u00e9 Ingenieros.<\/div>\n<div>Nuestros h\u00e9roes de Malvinas merecen un reconocimiento por su entrega y sacrificio. La mejor manera de brind\u00e1rselo es record\u00e1ndolos.<\/div>\n","protected":false},"excerpt":{"rendered":"<p>La Comuna de Santa Isabel invita a la comunidad al acto conmemorativo del D\u00eda del Veterano y [&hellip;]<\/p>\n","protected":false},"author":3,"featured_media":8800,"comment_status":"open","ping_status":"open","sticky":false,"template":"","format":"standard","meta":{"_jetpack_memberships_contains_paid_content":false,"footnotes":"","jetpack_publicize_message":"","jetpack_publicize_feature_enabled":true,"jetpack_social_post_already_shared":false,"jetpack_social_options":{"image_generator_settings":{"template":"highway","enabled":false}}},"categories":[3],"tags":[],"jetpack_publicize_connections":[],"jetpack_featured_media_url":"https:\/\/enteculturalsantafesino.com.ar\/usina3\/wp-content\/uploads\/2013\/03\/malvinas-si.jpg","jetpack_sharing_enabled":true,"_links":{"self":[{"href":"https:\/\/enteculturalsantafesino.com.ar\/usina3\/wp-json\/wp\/v2\/posts\/8799"}],"collection":[{"href":"https:\/\/enteculturalsantafesino.com.ar\/usina3\/wp-json\/wp\/v2\/posts"}],"about":[{"href":"https:\/\/enteculturalsantafesino.com.ar\/usina3\/wp-json\/wp\/v2\/types\/post"}],"author":[{"embeddable":true,"href":"https:\/\/enteculturalsantafesino.com.ar\/usina3\/wp-json\/wp\/v2\/users\/3"}],"replies":[{"embeddable":true,"href":"https:\/\/enteculturalsantafesino.com.ar\/usina3\/wp-json\/wp\/v2\/comments?post=8799"}],"version-history":[{"count":0,"href":"https:\/\/enteculturalsantafesino.com.ar\/usina3\/wp-json\/wp\/v2\/posts\/8799\/revisions"}],"wp:featuredmedia":[{"embeddable":true,"href":"https:\/\/enteculturalsantafesino.com.ar\/usina3\/wp-json\/wp\/v2\/media\/8800"}],"wp:attachment":[{"href":"https:\/\/enteculturalsantafesino.com.ar\/usina3\/wp-json\/wp\/v2\/media?parent=8799"}],"wp:term":[{"taxonomy":"category","embeddable":true,"href":"https:\/\/enteculturalsantafesino.com.ar\/usina3\/wp-json\/wp\/v2\/categories?post=8799"},{"taxonomy":"post_tag","embeddable":true,"href":"https:\/\/enteculturalsantafesino.com.ar\/usina3\/wp-json\/wp\/v2\/tags?post=8799"}],"curies":[{"name":"wp","href":"https:\/\/api.w.org\/{rel}","templated":true}]}}