{"id":8809,"date":"2013-04-03T13:19:26","date_gmt":"2013-04-03T13:19:26","guid":{"rendered":"http:\/\/entecultura.com.ar\/usina3\/?p=8809"},"modified":"2013-04-03T13:20:08","modified_gmt":"2013-04-03T13:20:08","slug":"santa-isabel-se-recordo-la-gesta-de-malvinas","status":"publish","type":"post","link":"https:\/\/enteculturalsantafesino.com.ar\/usina3\/2013\/04\/santa-isabel-se-recordo-la-gesta-de-malvinas\/","title":{"rendered":"Santa Isabel: Se record\u00f3 la Gesta de Malvinas"},"content":{"rendered":"<p>Al conmemorarse el D\u00eda del Veterano y de los Ca\u00eddos en la Guerra de <a href=\"http:\/\/enteculturalsantafesino.com.ar\/usina3\/wp-content\/uploads\/2013\/04\/kovacevick.jpg\" rel=\"lightbox[8809]\"><img loading=\"lazy\" decoding=\"async\" class=\"size-medium wp-image-8810 alignright\" alt=\"kovacevick\" src=\"http:\/\/enteculturalsantafesino.com.ar\/usina3\/wp-content\/uploads\/2013\/04\/kovacevick-300x225.jpg\" width=\"300\" height=\"225\" srcset=\"https:\/\/enteculturalsantafesino.com.ar\/usina3\/wp-content\/uploads\/2013\/04\/kovacevick-300x225.jpg 300w, https:\/\/enteculturalsantafesino.com.ar\/usina3\/wp-content\/uploads\/2013\/04\/kovacevick.jpg 960w\" sizes=\"(max-width: 300px) 100vw, 300px\" \/><\/a><\/p>\n<p>Malvinas, se realiz\u00f3 en la ma\u00f1ana de este martes 2 de abril un acto en plaza 9 de Julio, en la esquina de Mitre e Ingenieros, lugar en el que se levanta un monolito dedicado a los combatientes de 1982.<\/p>\n<p>El cura p\u00e1rroco Nelson Ra\u00fal Trognot, or\u00f3 por quienes murieron en defensa de la patria en la guerra de Malvinas y pidi\u00f3 a las autoridades que realmente piensen en el pueblo. Tambi\u00e9n elev\u00f3 sus plegarias \u00abpara que los argentinos seamos m\u00e1s serios, m\u00e1s responsables, que no abusemos de los dones que el Se\u00f1or\u00bb nos ha dado\u00bb. \u00abNo celebramos ni victoria ni\u00a0 derrota, recordamos para aprender de los hechos y pedir perd\u00f3n por los actos de locura que hacen las autoridades\u00bb, dijo.<\/p>\n<p>Tras un minuto de silencio en memoria de los ca\u00eddos y de la colocaci\u00f3n de una ofrenda floral al pie del monolito dedicado a los H\u00e9roes de Malvinas, el presidente de la Comuna de Santa Isabel, Mario Kovacevic, record\u00f3 los hechos de 1982 rechazando el proceder del gobierno de facto de entonces que envi\u00f3 a j\u00f3venes a pelear una guerra sin la preparaci\u00f3n y los elementos necesarios, solidariz\u00e1ndose adem\u00e1s, con las familias de los m\u00e1s de seiscientos muertos que produjo este acontecimiento. \u00abHay que destacar la acci\u00f3n de esos j\u00f3venes que hoy se sienten orgullosos y nosotros tambi\u00e9n nos tenemos que sentir orgullosos de ellos\u00bb, dijo.<\/p>\n<p>M\u00e1s adelante, el jefe comunal expres\u00f3 sus esperanza de que la fecha del 2 de abril no sea un feriado m\u00e1s: \u00abUno va viendo que se\u00a0 hace un d\u00eda puente para aprovechar y pasar las vacaciones, para tener m\u00e1s d\u00edas de hoteler\u00eda, para disfrutar de un feriado largo; no lo digo para hacer pol\u00edtica, si no porque creo que hay que marcar estas cosas, no podemos tomar a esta fecha como un feriado y extenderlo para que el turismo gane dinero\u00bb. Tambi\u00e9n agreg\u00f3 \u00abEstamos a 31 a\u00f1os de aquellos acontecimientos y yo me pregunto qu\u00e9 va a pasar con esta fecha de ac\u00e1 a diez a\u00f1os si seguimos en este camino, \u00bfser\u00e1 tal vez, un feriado m\u00e1s que va a pasar desapercibido?. No quiero que esto suceda, no quiero que quede en el olvido el sacrificio de tantos patriotas argentinos\u00bb.<\/p>\n<p>Al evento, adem\u00e1s de funcionarios comunales, concurrieron personas vinculada a la pol\u00edtica local, docentes y escaso p\u00fablico, a pesar de la convocatoria realizada con anticipaci\u00f3n por distintos medios de comunicaci\u00f3n.<\/p>\n<p>Tambi\u00e9n se cont\u00f3 con la presencia del Sr. Jos\u00e9 Escobar, veterano de Malvinas que casualmente se encontraba visitando la localidad y se lleg\u00f3 hasta el acto acompa\u00f1ado de su hermana Rosa, reconocida locutora radial isabelense. Tras los discursos y el protocolo, Escobar fue presentado a los presentes con quienes dialog\u00f3 largamente sobre los hechos de 1982 y la situaci\u00f3n actual de los veteranos de Malvinas, concediendo tambi\u00e9n entrevistas a medios de comunicaci\u00f3n.<\/p>\n<p>&nbsp;<\/p>\n","protected":false},"excerpt":{"rendered":"<p>Al conmemorarse el D\u00eda del Veterano y de los Ca\u00eddos en la Guerra de Malvinas, se realiz\u00f3 [&hellip;]<\/p>\n","protected":false},"author":3,"featured_media":8810,"comment_status":"open","ping_status":"open","sticky":false,"template":"","format":"standard","meta":{"_jetpack_memberships_contains_paid_content":false,"footnotes":"","jetpack_publicize_message":"","jetpack_publicize_feature_enabled":true,"jetpack_social_post_already_shared":false,"jetpack_social_options":{"image_generator_settings":{"template":"highway","enabled":false}}},"categories":[3,1],"tags":[],"jetpack_publicize_connections":[],"jetpack_featured_media_url":"https:\/\/enteculturalsantafesino.com.ar\/usina3\/wp-content\/uploads\/2013\/04\/kovacevick.jpg","jetpack_sharing_enabled":true,"_links":{"self":[{"href":"https:\/\/enteculturalsantafesino.com.ar\/usina3\/wp-json\/wp\/v2\/posts\/8809"}],"collection":[{"href":"https:\/\/enteculturalsantafesino.com.ar\/usina3\/wp-json\/wp\/v2\/posts"}],"about":[{"href":"https:\/\/enteculturalsantafesino.com.ar\/usina3\/wp-json\/wp\/v2\/types\/post"}],"author":[{"embeddable":true,"href":"https:\/\/enteculturalsantafesino.com.ar\/usina3\/wp-json\/wp\/v2\/users\/3"}],"replies":[{"embeddable":true,"href":"https:\/\/enteculturalsantafesino.com.ar\/usina3\/wp-json\/wp\/v2\/comments?post=8809"}],"version-history":[{"count":0,"href":"https:\/\/enteculturalsantafesino.com.ar\/usina3\/wp-json\/wp\/v2\/posts\/8809\/revisions"}],"wp:featuredmedia":[{"embeddable":true,"href":"https:\/\/enteculturalsantafesino.com.ar\/usina3\/wp-json\/wp\/v2\/media\/8810"}],"wp:attachment":[{"href":"https:\/\/enteculturalsantafesino.com.ar\/usina3\/wp-json\/wp\/v2\/media?parent=8809"}],"wp:term":[{"taxonomy":"category","embeddable":true,"href":"https:\/\/enteculturalsantafesino.com.ar\/usina3\/wp-json\/wp\/v2\/categories?post=8809"},{"taxonomy":"post_tag","embeddable":true,"href":"https:\/\/enteculturalsantafesino.com.ar\/usina3\/wp-json\/wp\/v2\/tags?post=8809"}],"curies":[{"name":"wp","href":"https:\/\/api.w.org\/{rel}","templated":true}]}}