{"id":8816,"date":"2013-04-10T13:46:36","date_gmt":"2013-04-10T13:46:36","guid":{"rendered":"http:\/\/entecultura.com.ar\/usina3\/?p=8816"},"modified":"2013-04-10T13:46:36","modified_gmt":"2013-04-10T13:46:36","slug":"asamblea-general-del-ente-cultural","status":"publish","type":"post","link":"https:\/\/enteculturalsantafesino.com.ar\/usina3\/2013\/04\/asamblea-general-del-ente-cultural\/","title":{"rendered":"Asamblea General del Ente Cultural"},"content":{"rendered":"<p>El <b><i>Ente Cultural<\/i><\/b> invita a participar de la <b>Asamblea General <a href=\"http:\/\/enteculturalsantafesino.com.ar\/usina3\/wp-content\/uploads\/2013\/04\/banners-asamblea.jpg\" rel=\"lightbox[8816]\"><img loading=\"lazy\" decoding=\"async\" class=\"size-medium wp-image-8817 alignright\" alt=\"banners asamblea\" src=\"http:\/\/enteculturalsantafesino.com.ar\/usina3\/wp-content\/uploads\/2013\/04\/banners-asamblea-300x247.jpg\" width=\"300\" height=\"247\" srcset=\"https:\/\/enteculturalsantafesino.com.ar\/usina3\/wp-content\/uploads\/2013\/04\/banners-asamblea-300x247.jpg 300w, https:\/\/enteculturalsantafesino.com.ar\/usina3\/wp-content\/uploads\/2013\/04\/banners-asamblea.jpg 422w\" sizes=\"(max-width: 300px) 100vw, 300px\" \/><\/a><\/b><\/p>\n<p><b>Ordinaria\/Presentaci\u00f3n Oficial 2013<\/b>,\u00a0 a desarrollarse el d\u00eda <b><i>Lunes 15 de abril a las 19:30hs<\/i><\/b><i>; en el domicilio de <strong>Casa de la Cultura de San Vicente<\/strong>, sito en calles Libertad y Avellaneda.<\/i><\/p>\n<p>Una vez concluida dicha Asamblea sesionar\u00e1 el Consejo Directivo. La Convocatoria, Orden del d\u00eda de la Asamblea, las Autoridades, Informe de la Comisi\u00f3n Directiva, Socios Activos, Estatuto; se puede observar accediendo en nuestra p\u00e1gina web: <i>www.enteculturalsantafesino.com.ar.<\/i><\/p>\n<p>El temario a analizar durante la reuni\u00f3n de CONSEJO DIRECTIVO, posterior a la finalizaci\u00f3n de la asamblea, ser\u00e1 el siguiente: 1\u00ba. Lectura del acta del Consejo Directivo del 27 de marzo de 2013, celebrada en la ciudad de San Genaro. 2\u00ba. Distribuci\u00f3n de cargos del Consejo Directivo de acuerdo con el Estatuto Social. 3\u00ba Presentaci\u00f3n de Gestiones y Actividades del Ente Cultural desde el A\u00f1o 2009. 4\u00b0 Presentaci\u00f3n Plan Anual y Proyecto de Extensi\u00f3n Cultural 2013.<\/p>\n","protected":false},"excerpt":{"rendered":"<p>El Ente Cultural invita a participar de la Asamblea General Ordinaria\/Presentaci\u00f3n Oficial 2013,\u00a0 a desarrollarse el d\u00eda [&hellip;]<\/p>\n","protected":false},"author":3,"featured_media":8817,"comment_status":"open","ping_status":"open","sticky":false,"template":"","format":"standard","meta":{"_jetpack_memberships_contains_paid_content":false,"footnotes":"","jetpack_publicize_message":"","jetpack_publicize_feature_enabled":true,"jetpack_social_post_already_shared":false,"jetpack_social_options":{"image_generator_settings":{"template":"highway","enabled":false}}},"categories":[1],"tags":[],"jetpack_publicize_connections":[],"jetpack_featured_media_url":"https:\/\/enteculturalsantafesino.com.ar\/usina3\/wp-content\/uploads\/2013\/04\/banners-asamblea.jpg","jetpack_sharing_enabled":true,"_links":{"self":[{"href":"https:\/\/enteculturalsantafesino.com.ar\/usina3\/wp-json\/wp\/v2\/posts\/8816"}],"collection":[{"href":"https:\/\/enteculturalsantafesino.com.ar\/usina3\/wp-json\/wp\/v2\/posts"}],"about":[{"href":"https:\/\/enteculturalsantafesino.com.ar\/usina3\/wp-json\/wp\/v2\/types\/post"}],"author":[{"embeddable":true,"href":"https:\/\/enteculturalsantafesino.com.ar\/usina3\/wp-json\/wp\/v2\/users\/3"}],"replies":[{"embeddable":true,"href":"https:\/\/enteculturalsantafesino.com.ar\/usina3\/wp-json\/wp\/v2\/comments?post=8816"}],"version-history":[{"count":0,"href":"https:\/\/enteculturalsantafesino.com.ar\/usina3\/wp-json\/wp\/v2\/posts\/8816\/revisions"}],"wp:featuredmedia":[{"embeddable":true,"href":"https:\/\/enteculturalsantafesino.com.ar\/usina3\/wp-json\/wp\/v2\/media\/8817"}],"wp:attachment":[{"href":"https:\/\/enteculturalsantafesino.com.ar\/usina3\/wp-json\/wp\/v2\/media?parent=8816"}],"wp:term":[{"taxonomy":"category","embeddable":true,"href":"https:\/\/enteculturalsantafesino.com.ar\/usina3\/wp-json\/wp\/v2\/categories?post=8816"},{"taxonomy":"post_tag","embeddable":true,"href":"https:\/\/enteculturalsantafesino.com.ar\/usina3\/wp-json\/wp\/v2\/tags?post=8816"}],"curies":[{"name":"wp","href":"https:\/\/api.w.org\/{rel}","templated":true}]}}