{"id":8823,"date":"2013-04-29T13:26:13","date_gmt":"2013-04-29T13:26:13","guid":{"rendered":"http:\/\/entecultura.com.ar\/usina3\/?p=8823"},"modified":"2013-04-29T13:26:13","modified_gmt":"2013-04-29T13:26:13","slug":"santa-isabel-el-10-de-mayo-reabre-el-complejo-cultural-centenario","status":"publish","type":"post","link":"https:\/\/enteculturalsantafesino.com.ar\/usina3\/2013\/04\/santa-isabel-el-10-de-mayo-reabre-el-complejo-cultural-centenario\/","title":{"rendered":"Santa Isabel: El 10 de mayo reabre el Complejo Cultural Centenario"},"content":{"rendered":"<p>Sometido a obras de remodelaci\u00f3n y mantenimiento desde el mes de <a href=\"http:\/\/enteculturalsantafesino.com.ar\/usina3\/wp-content\/uploads\/2013\/04\/complejocultural-piso2013.jpg\" rel=\"lightbox[8823]\"><img loading=\"lazy\" decoding=\"async\" class=\"size-medium wp-image-8824 alignright\" alt=\"complejocultural-piso2013\" src=\"http:\/\/enteculturalsantafesino.com.ar\/usina3\/wp-content\/uploads\/2013\/04\/complejocultural-piso2013-300x201.jpg\" width=\"300\" height=\"201\" srcset=\"https:\/\/enteculturalsantafesino.com.ar\/usina3\/wp-content\/uploads\/2013\/04\/complejocultural-piso2013-300x201.jpg 300w, https:\/\/enteculturalsantafesino.com.ar\/usina3\/wp-content\/uploads\/2013\/04\/complejocultural-piso2013.jpg 789w\" sizes=\"(max-width: 300px) 100vw, 300px\" \/><\/a><\/p>\n<p>diciembre pasado, el Complejo Cultural Centenario se encuentra parcialmente fuera de uso, especialmente en la sala principal y, al borde de finalizarse los distintos trabajos, se ha programado para el pr\u00f3ximo 10 de mayo la reapertura del mismo con un espect\u00e1culo musical y distintos actos.<\/p>\n<p>Entre las obras m\u00e1s importantes que se llevan a cabo se encuentra el cambio de piso de la sala principal por el que se debi\u00f3 quitar la antigua pinotea, rellenar la c\u00e1mara de aire, construir una carpeta de cemento y colocar 300 metros cuadrados de piso flotante. Tambi\u00e9n es de gran importancia lo realizado en los camarines situados debajo del escenario; all\u00ed se ampli\u00f3 el espacio en altura, se realizaron las submuraciones de cimientos, se coloc\u00f3 pisos cer\u00e1micos y se construyeron nuevos camarines con nueva instalaci\u00f3n el\u00e9ctrica.<br \/>\nAdem\u00e1s se lleva a cabo la pintura de paredes en la sala, hall y frente; y se actualiz\u00f3 y mejor\u00f3 la iluminaci\u00f3n. Por otra parte se realiz\u00f3 la limpieza y mantenimiento peri\u00f3dico de los techos de chapa de la sala y de la secci\u00f3n frontal.<\/p>\n<p>Estas tareas se realizan con fondos de la Comuna en el marco de uno de los Legados del Centenario de Santa Isabel con la finalidad de dotar a Santa Isabel de un lugar confortable y moderno para el desarrollo de las distintas actividades art\u00edsticas y culturales.<\/p>\n<p>En tiempos en los que suelen escasear la educaci\u00f3n y los atractivos para convocar a los j\u00f3venes que los alejen de la calle y de sus consecuencias, como as\u00ed tambi\u00e9n en los que los adultos se a\u00edslan cada vez m\u00e1s preocupados por sus problemas, apostar con una<br \/>\ngran inversi\u00f3n desde esta Comuna en lo edilicio y seguir sosteniendo un lugar emblem\u00e1tico como lo es la edificaci\u00f3n de la Sociedad Italiana, significa respetar a aquellos inmigrantes, que al fundarla hace m\u00e1s de un siglo, pensaron en una sociedad integrada a trav\u00e9s del arte, de la culturay del esparcimiento.<strong> <\/strong><\/p>\n","protected":false},"excerpt":{"rendered":"<p>Sometido a obras de remodelaci\u00f3n y mantenimiento desde el mes de diciembre pasado, el Complejo Cultural Centenario [&hellip;]<\/p>\n","protected":false},"author":3,"featured_media":8824,"comment_status":"open","ping_status":"open","sticky":false,"template":"","format":"standard","meta":{"_jetpack_memberships_contains_paid_content":false,"footnotes":"","jetpack_publicize_message":"","jetpack_publicize_feature_enabled":true,"jetpack_social_post_already_shared":false,"jetpack_social_options":{"image_generator_settings":{"template":"highway","enabled":false}}},"categories":[3],"tags":[],"jetpack_publicize_connections":[],"jetpack_featured_media_url":"https:\/\/enteculturalsantafesino.com.ar\/usina3\/wp-content\/uploads\/2013\/04\/complejocultural-piso2013.jpg","jetpack_sharing_enabled":true,"_links":{"self":[{"href":"https:\/\/enteculturalsantafesino.com.ar\/usina3\/wp-json\/wp\/v2\/posts\/8823"}],"collection":[{"href":"https:\/\/enteculturalsantafesino.com.ar\/usina3\/wp-json\/wp\/v2\/posts"}],"about":[{"href":"https:\/\/enteculturalsantafesino.com.ar\/usina3\/wp-json\/wp\/v2\/types\/post"}],"author":[{"embeddable":true,"href":"https:\/\/enteculturalsantafesino.com.ar\/usina3\/wp-json\/wp\/v2\/users\/3"}],"replies":[{"embeddable":true,"href":"https:\/\/enteculturalsantafesino.com.ar\/usina3\/wp-json\/wp\/v2\/comments?post=8823"}],"version-history":[{"count":0,"href":"https:\/\/enteculturalsantafesino.com.ar\/usina3\/wp-json\/wp\/v2\/posts\/8823\/revisions"}],"wp:featuredmedia":[{"embeddable":true,"href":"https:\/\/enteculturalsantafesino.com.ar\/usina3\/wp-json\/wp\/v2\/media\/8824"}],"wp:attachment":[{"href":"https:\/\/enteculturalsantafesino.com.ar\/usina3\/wp-json\/wp\/v2\/media?parent=8823"}],"wp:term":[{"taxonomy":"category","embeddable":true,"href":"https:\/\/enteculturalsantafesino.com.ar\/usina3\/wp-json\/wp\/v2\/categories?post=8823"},{"taxonomy":"post_tag","embeddable":true,"href":"https:\/\/enteculturalsantafesino.com.ar\/usina3\/wp-json\/wp\/v2\/tags?post=8823"}],"curies":[{"name":"wp","href":"https:\/\/api.w.org\/{rel}","templated":true}]}}