{"id":8828,"date":"2013-05-09T14:20:21","date_gmt":"2013-05-09T14:20:21","guid":{"rendered":"http:\/\/entecultura.com.ar\/usina3\/?p=8828"},"modified":"2013-05-09T14:29:06","modified_gmt":"2013-05-09T14:29:06","slug":"santa-isabel-nueva-fecha-de-reapertura-del-complejo-cultural-centenario","status":"publish","type":"post","link":"https:\/\/enteculturalsantafesino.com.ar\/usina3\/2013\/05\/santa-isabel-nueva-fecha-de-reapertura-del-complejo-cultural-centenario\/","title":{"rendered":"Santa Isabel: Nueva fecha de reapertura del Complejo Cultural Centenario"},"content":{"rendered":"<p style=\"text-align: left;\">El\u00a0\u00a0Complejo Cultural Centenario de Santa Isabel deber\u00e1 esperar\u00a0 siete d\u00edas <a href=\"http:\/\/enteculturalsantafesino.com.ar\/usina3\/wp-content\/uploads\/2013\/04\/complejocultural-piso2013.jpg\" rel=\"lightbox[8828]\"><img loading=\"lazy\" decoding=\"async\" class=\"size-medium wp-image-8824 alignright\" alt=\"complejocultural-piso2013\" src=\"http:\/\/enteculturalsantafesino.com.ar\/usina3\/wp-content\/uploads\/2013\/04\/complejocultural-piso2013-300x201.jpg\" width=\"300\" height=\"201\" srcset=\"https:\/\/enteculturalsantafesino.com.ar\/usina3\/wp-content\/uploads\/2013\/04\/complejocultural-piso2013-300x201.jpg 300w, https:\/\/enteculturalsantafesino.com.ar\/usina3\/wp-content\/uploads\/2013\/04\/complejocultural-piso2013.jpg 789w\" sizes=\"(max-width: 300px) 100vw, 300px\" \/><\/a><\/p>\n<p style=\"text-align: left;\">m\u00e1s para se su reapertura, que finalmente se producir\u00e1 el 17 de mayo, ya que diversas cuestiones t\u00e9cnica hacen imposible que las instalaciones se encuentren en\u00a0condiciones para el evento que se hab\u00eda programado para el\u00a0 10 de Mayo<br \/>\nSometido\u00a0 a obras de remodelaci\u00f3n y mantenimiento desde el mes de\u00a0\u00a0\u00a0diciembre pasado, el Complejo Cultural Centenario se\u00a0encuentra parcialmente fuera de uso, especialmente en la sala principal. Se ha reprogramado su habilitaci\u00f3n para el pr\u00f3ximo 17\u00a0con un acto oficial y espect\u00e1culos de danza y m\u00fasica.<\/p>\n<p>Entre las obras m\u00e1s importantes que se llevan a cabo se encuentra el cambio de piso de la sala principal por el que\u00a0 se debi\u00f3 quitar la antigua pinotea, rellenar la c\u00e1mara de aire, construir una carpeta de cemento y colocar 300 metros\u00a0cuadrados de piso flotante. Tambi\u00e9n es de gran importancia lo realizado en los camarines situados debajo del escenario;\u00a0 all\u00ed se ampli\u00f3 el espacio en altura, se realizaron las\u00a0\u00a0\u00a0\u00a0\u00a0 submuraciones de cimientos, se coloc\u00f3 pisos cer\u00e1micos y se\u00a0construyeron nuevos camarines con nueva instalaci\u00f3n el\u00e9ctrica. Adem\u00e1s se lleva a cabo la pintura de paredes en la sala, hall y frente; y se actualiz\u00f3 y mejor\u00f3 la\u00a0\u00a0\u00a0\u00a0\u00a0 iluminaci\u00f3n. Por otra parte se realiz\u00f3 la limpieza y mantenimiento peri\u00f3dico de los techos de chapa de la sala y de la secci\u00f3n frontal.<\/p>\n<p>Estas tareas se realizan con fondos de la Comuna en el\u00a0marco de uno de los Legados del Centenario de Santa Isabel con la finalidad de dotar a Santa Isabel de un lugar\u00a0confortable y moderno para el desarrollo de las distintas\u00a0actividades art\u00edsticas y culturales.<\/p>\n<p>En tiempos en los que suelen escasear la educaci\u00f3n y los\u00a0atractivos para convocar a los j\u00f3venes que los alejen de la\u00a0calle y de sus consecuencias, como as\u00ed tambi\u00e9n en los que\u00a0\u00a0\u00a0\u00a0\u00a0 los adultos se a\u00edslan cada vez m\u00e1s preocupados por sus\u00a0problemas, apostar con una gran inversi\u00f3n desde esta Comuna\u00a0 en lo edilicio y seguir sosteniendo un lugar emblem\u00e1tico\u00a0como lo es la edificaci\u00f3n de la Sociedad Italiana, significa respetar a aquellos inmigrantes, que al fundarla hace m\u00e1s de un siglo, pensaron en una sociedad integrada a trav\u00e9s del arte, de la cultura y del esparcimiento.\u00a0<del><br \/>\n<\/del><del><\/del><\/p>\n","protected":false},"excerpt":{"rendered":"<p>El\u00a0\u00a0Complejo Cultural Centenario de Santa Isabel deber\u00e1 esperar\u00a0 siete d\u00edas m\u00e1s para se su reapertura, que finalmente [&hellip;]<\/p>\n","protected":false},"author":3,"featured_media":8824,"comment_status":"open","ping_status":"open","sticky":false,"template":"","format":"standard","meta":{"_jetpack_memberships_contains_paid_content":false,"footnotes":"","jetpack_publicize_message":"","jetpack_publicize_feature_enabled":true,"jetpack_social_post_already_shared":false,"jetpack_social_options":{"image_generator_settings":{"template":"highway","enabled":false}}},"categories":[3],"tags":[],"jetpack_publicize_connections":[],"jetpack_featured_media_url":"https:\/\/enteculturalsantafesino.com.ar\/usina3\/wp-content\/uploads\/2013\/04\/complejocultural-piso2013.jpg","jetpack_sharing_enabled":true,"_links":{"self":[{"href":"https:\/\/enteculturalsantafesino.com.ar\/usina3\/wp-json\/wp\/v2\/posts\/8828"}],"collection":[{"href":"https:\/\/enteculturalsantafesino.com.ar\/usina3\/wp-json\/wp\/v2\/posts"}],"about":[{"href":"https:\/\/enteculturalsantafesino.com.ar\/usina3\/wp-json\/wp\/v2\/types\/post"}],"author":[{"embeddable":true,"href":"https:\/\/enteculturalsantafesino.com.ar\/usina3\/wp-json\/wp\/v2\/users\/3"}],"replies":[{"embeddable":true,"href":"https:\/\/enteculturalsantafesino.com.ar\/usina3\/wp-json\/wp\/v2\/comments?post=8828"}],"version-history":[{"count":0,"href":"https:\/\/enteculturalsantafesino.com.ar\/usina3\/wp-json\/wp\/v2\/posts\/8828\/revisions"}],"wp:featuredmedia":[{"embeddable":true,"href":"https:\/\/enteculturalsantafesino.com.ar\/usina3\/wp-json\/wp\/v2\/media\/8824"}],"wp:attachment":[{"href":"https:\/\/enteculturalsantafesino.com.ar\/usina3\/wp-json\/wp\/v2\/media?parent=8828"}],"wp:term":[{"taxonomy":"category","embeddable":true,"href":"https:\/\/enteculturalsantafesino.com.ar\/usina3\/wp-json\/wp\/v2\/categories?post=8828"},{"taxonomy":"post_tag","embeddable":true,"href":"https:\/\/enteculturalsantafesino.com.ar\/usina3\/wp-json\/wp\/v2\/tags?post=8828"}],"curies":[{"name":"wp","href":"https:\/\/api.w.org\/{rel}","templated":true}]}}