{"id":8833,"date":"2013-05-26T00:34:45","date_gmt":"2013-05-26T00:34:45","guid":{"rendered":"http:\/\/entecultura.com.ar\/usina3\/?p=8833"},"modified":"2013-05-26T00:34:45","modified_gmt":"2013-05-26T00:34:45","slug":"santa-isabel-se-inauguro-el-complejo-cultural","status":"publish","type":"post","link":"https:\/\/enteculturalsantafesino.com.ar\/usina3\/2013\/05\/santa-isabel-se-inauguro-el-complejo-cultural\/","title":{"rendered":"Santa Isabel: Se inaugur\u00f3 el Complejo Cultural"},"content":{"rendered":"<p style=\"text-align: left;\">Con\u00a0 la presencia de autoridades locales y regionales, y con un\u00a0\u00a0\u00a0\u00a0\u00a0<a href=\"http:\/\/enteculturalsantafesino.com.ar\/usina3\/wp-content\/uploads\/2013\/05\/ccm-si.jpg\" rel=\"lightbox[8833]\"><img loading=\"lazy\" decoding=\"async\" class=\"size-medium wp-image-8834 alignright\" alt=\"ccm si\" src=\"http:\/\/enteculturalsantafesino.com.ar\/usina3\/wp-content\/uploads\/2013\/05\/ccm-si-300x200.jpg\" width=\"300\" height=\"200\" srcset=\"https:\/\/enteculturalsantafesino.com.ar\/usina3\/wp-content\/uploads\/2013\/05\/ccm-si-300x200.jpg 300w, https:\/\/enteculturalsantafesino.com.ar\/usina3\/wp-content\/uploads\/2013\/05\/ccm-si.jpg 960w\" sizes=\"(max-width: 300px) 100vw, 300px\" \/><\/a><\/p>\n<p style=\"text-align: left;\">gran p\u00fablico como marco, el pasado viernes 17 de mayo se\u00a0 realiz\u00f3 la reinauguraci\u00f3n de la sala principal del Complejo\u00a0Cultural Centenario que funciona en el edificio de la\u00a0 Sociedad Italiana de Santa Isabel.<\/p>\n<div>\u00a0\u00a0\u00a0\u00a0\u00a0\u00a0 \u00a0Durante el transcurso\u00a0 de la ceremonia, luego de las bendiciones del cura p\u00e1rroco\u00a0\u00a0\u00a0\u00a0\u00a0 Nelson Ra\u00fal Trognot, el presidente comunal, Mario Kovacevic,\u00a0\u00a0\u00a0\u00a0\u00a0 junto al encargado del \u00c1rea de Cultura, Oscar Milanesi,\u00a0 descubri\u00f3 una placa colocada en el hall del Complejo que\u00a0\u00a0\u00a0\u00a0\u00a0 da cuenta de este hecho de gran trascendencia para la\u00a0comunidad. Adem\u00e1s se realiz\u00f3 el tradicional corte de cinta\u00a0\u00a0\u00a0\u00a0\u00a0 que estuvo a cargo del presidente comunal, de una\u00a0representante de la Sociedad Italiana, la Sra. Ilda\u00a0Imnocenzi, y del diputado provincial Maximiliano Pullaro.<br \/>\nAntes del\u00a0 ingreso a la sala, y mientras el p\u00fablico esperaba en el hall el comienzo de los actos, actores isabelenses realizaron\u00a0\u00a0\u00a0\u00a0\u00a0 representaciones con sombras que remitieron a los primeros\u00a0 pobladores italianos de los comienzos de Santa Isabel y que\u00a0\u00a0\u00a0\u00a0\u00a0 crearon en 1909 la instituci\u00f3n m\u00e1s longeva de la localidad.\u00a0\u00a0Fueron estos artistas, luego, los encargados de guiar al\u00a0\u00a0\u00a0\u00a0\u00a0 p\u00fablico por la sala renovada y por los nuevos camarines. \u00a0La\u00a0reinauguraci\u00f3n se llev\u00f3 a cabo dado que, desde el mes de diciembre pasado, la sala de la centenaria edificaci\u00f3n estuvo sujeta a importantes obras que, manteniendo la\u00a0 impronta arquitect\u00f3nica de principios del siglo pasado,\u00a0 renovaron totalmente las instalaciones otorg\u00e1ndoles mayor confort y modernidad. Entre los trabajos m\u00e1s importantes,\u00a0que se realizaron con una fuerte inversi\u00f3n emanada de los recursos propios de la Comuna de Santa Isabel, se pueden mencionar el reemplazo de alrededor de 300 metros cuadrados de vieja pinotea por piso flotante, construcci\u00f3n de nuevos camarines y renovaci\u00f3n de pinturas e\u00a0iluminaci\u00f3n, adem\u00e1s de la adquisici\u00f3n de nuevo mobiliario.<br \/>\nA\u00a0\u00a0\u00a0\u00a0\u00a0 la hora de los discursos, Oscar Milanesi revel\u00f3 su emoci\u00f3n por ver la sala renovada y dijo que \u00abesta es la casa de\u00a0 todos, as\u00ed que esa es la idea, que todos la cuidemos, que\u00a0 entre todos la hagamos m\u00e1s linda, que salgamos a decir\u00a0 afuera que este es un lugar que nos enorgullece\u00bb. Tambi\u00e9n\u00a0 agradeci\u00f3 a Mario Kovacevic por su importante apuesta a la\u00a0 cultura local con las obras realizadas en los \u00abLegados del\u00a0 Centenario\u00bb tales como el predio \u00ab8 de Febrero\u00bb y el Complejo Cultural Centenario.<\/div>\n<div>Finaliz\u00f3 diciendo: \u00abde todo\u00a0 coraz\u00f3n les digo a los italianos que est\u00e9n contentos y tranquilos, porque a la casa se las estamos cuidando, creo que\u00a0 muy bien\u00bb.<br \/>\nPor\u00a0 su parte, la Sra. Norma Achilli, representante de la Sociedad Italiana manifest\u00f3 su alegr\u00eda \u00abporque\u00a0 nuestro pueblo sigue siendo un lugar en donde el ansia de\u00a0progreso, que se demuestra en obras como las que hoy estamos estrenando, sigue tan latente como lo ha estado en estos m\u00e1s\u00a0\u00a0 de cien a\u00f1os de historia\u00bb. Adem\u00e1s expres\u00f3 que los integrantes de la Sociedad Italiana se encuentran dichosos\u00a0 de haber tomado la decisi\u00f3n correcta en 2007 cuando se realiz\u00f3 la cesi\u00f3n en comodato para que la realizaci\u00f3n del Complejo Cultural Centenario.<\/p>\n<div style=\"text-align: left;\">\u00a0Mario\u00a0\u00a0\u00a0\u00a0\u00a0 Kovacevic cerr\u00f3 la lista de oradores agradeciendo la\u00a0 presencia del p\u00fablico, de los representantes de las distintas instituciones,\u00a0 de los diputados provinciales Dar\u00edo Mascioli y Maximiliano Pullaro, y del senador \u00a0Lisandro\u00a0 Enrico.<\/div>\n<div style=\"text-align: left;\">El presidente comunal rescat\u00f3 \u00abel amor que todos\u00a0pusimos en este proyecto para poder lograrlo, no todo se\u00a0 puede hacer con dinero si no hay amor, si no hay ganas de crecer, si no hay compromisos asumidos\u00bb. Tambi\u00e9n record\u00f3 la responsabilidad que en 2007 asumi\u00f3 la comunidad con la firma de\u00a0la voluntad de realizar los legados para las nuevas\u00a0 generaciones:<\/div>\n<div style=\"text-align: left;\">\u00abA partir de la firma hab\u00eda un compromiso, no era solo una firma, sino que era trabajar\u00a0 para lograr lo que nos hab\u00edamos prometido; pasaron unos a\u00f1os\u00a0 y pudimos realizar esta primera etapa de lo que es el omplejo Cultural, el proyecto es m\u00e1s ambicioso y s\u00e9 que los\u00a0\u00a0\u00a0\u00a0\u00a0 gobiernos que me sucedan lo van a continuar para cumplir con lo que dicta ese legado\u00bb.<\/div>\n<div style=\"text-align: left;\"><\/div>\n<div style=\"text-align: left;\">\u00a0Tras los discursos el p\u00fablico disfrut\u00f3 de la m\u00fasica y la danza con\u00a0 la presentaci\u00f3n del coro Voces de mi Pueblo, integrantes de\u00a0\u00a0\u00a0\u00a0\u00a0 la Escuela de Arte Folkl\u00f3rico La Marrupe\u00f1a y de los m\u00fasicos locales Sebasti\u00e1n Medrano y Fernando Guazzaroni.<\/div>\n<div style=\"text-align: left;\"><\/div>\n<p><b>\u00a0Legados\u00a0\u00a0\u00a0\u00a0\u00a0 para las nuevas generaciones de isabelenses<\/b> \u00a0\u00a0\u00a0\u00a0\u00a0 \u00a0Cuando\u00a0\u00a0\u00a0\u00a0\u00a0 se acercaba el centenario de Santa Isabel, en el a\u00f1o 2007 y\u00a0\u00a0\u00a0\u00a0\u00a0 tras realizar una consulta a todas las instituciones\u00a0\u00a0\u00a0\u00a0\u00a0 locales, la Comisi\u00f3n de los Cien A\u00f1os decidi\u00f3 firmar un acta\u00a0\u00a0\u00a0\u00a0\u00a0 de compromiso en la que se estableci\u00f3 que los actuales\u00a0\u00a0\u00a0\u00a0\u00a0 habitantes de la localidad dejar\u00edan a las futuras\u00a0\u00a0\u00a0\u00a0\u00a0 generaciones dos legados de importancia: Uno de ellos a\u00a0\u00a0\u00a0\u00a0\u00a0 concretarse en el predio que luego se llamar\u00eda \u201c8 de\u00a0\u00a0\u00a0\u00a0\u00a0 Febrero\u201d, en terrenos del ferrocarril, en el que, desde\u00a0\u00a0\u00a0\u00a0\u00a0 2008, se ha construido un escenario e importantes\u00a0\u00a0\u00a0\u00a0\u00a0 instalaciones.<\/p>\n<div style=\"text-align: left;\">\u00a0El\u00a0\u00a0\u00a0\u00a0\u00a0 otro, la creaci\u00f3n de un complejo cultural a realizar en las\u00a0\u00a0\u00a0\u00a0\u00a0 instalaciones de la Sociedad Italiana, aquella de los\u00a0\u00a0\u00a0\u00a0\u00a0 inmigrantes fundacionales, la que ahora ya sin ellos pero\u00a0\u00a0\u00a0\u00a0\u00a0 con su misma fe en el futuro y las ansias de progreso, cedi\u00f3\u00a0\u00a0\u00a0\u00a0\u00a0 a la Comuna de Santa Isabel su edificaci\u00f3n mediante un\u00a0\u00a0\u00a0\u00a0\u00a0 contrato de comodato que se extiende por cien a\u00f1os a cambio\u00a0\u00a0\u00a0\u00a0\u00a0 de la concreci\u00f3n de mejoras y ampliaciones.<\/div>\n<div style=\"text-align: left;\"><\/div>\n<div style=\"text-align: left;\">\u00a0Tras\u00a0\u00a0\u00a0\u00a0\u00a0 ello, se realiz\u00f3 la convocatoria a distintas agrupaciones e\u00a0\u00a0\u00a0\u00a0\u00a0 instituciones culturales de Santa Isabel cuyas necesidades\u00a0\u00a0\u00a0\u00a0\u00a0 dieron origen a un proyecto edilicio que contempla las\u00a0\u00a0\u00a0\u00a0\u00a0 necesidades para que se puedan desarrollar c\u00f3modamente sus\u00a0\u00a0\u00a0\u00a0\u00a0 actividades.<\/div>\n<div style=\"text-align: left;\"><\/div>\n<div style=\"text-align: left;\">\u00a0La\u00a0\u00a0\u00a0\u00a0\u00a0 reinauguraci\u00f3n de la sala es una primera etapa de este\u00a0\u00a0\u00a0\u00a0\u00a0 proyecto, el que, adem\u00e1s, \u00a0\u00a0\u00a0\u00a0\u00a0 implica\u00a0\u00a0\u00a0\u00a0\u00a0 la realizaci\u00f3n de obras para mantener y mejorar la\u00a0\u00a0\u00a0\u00a0\u00a0 estructura desde sus cimientos, la creaci\u00f3n de entrepisos\u00a0\u00a0\u00a0\u00a0\u00a0 para nuevas aulas y un sal\u00f3n multiuso, nuevos ba\u00f1os, un bar\u00a0\u00a0\u00a0\u00a0\u00a0 y mejoras en su frente, siempre respetando las l\u00edneas\u00a0\u00a0\u00a0\u00a0\u00a0 arquitect\u00f3nicas que le dan identidad a la edificaci\u00f3n.<\/div>\n<div style=\"text-align: left;\"><\/div>\n<div style=\"text-align: left;\">\u00a0El\u00a0\u00a0\u00a0\u00a0\u00a0 Complejo Cultural Centenario es una apuesta al futuro, una\u00a0\u00a0\u00a0\u00a0\u00a0 obra para toda una comunidad que debe seguir avanzando con\u00a0\u00a0\u00a0\u00a0\u00a0 la misma pujanza de aquellos pobladores, nativos o\u00a0\u00a0\u00a0\u00a0\u00a0 inmigrantes, que juntos dieron vida a Santa Isabel y crearon\u00a0\u00a0\u00a0\u00a0\u00a0 lugares emblem\u00e1ticos como la Sociedad Italiana.<\/div>\n<\/div>\n","protected":false},"excerpt":{"rendered":"<p>Con\u00a0 la presencia de autoridades locales y regionales, y con un\u00a0\u00a0\u00a0\u00a0\u00a0 gran p\u00fablico como marco, el pasado [&hellip;]<\/p>\n","protected":false},"author":3,"featured_media":8834,"comment_status":"open","ping_status":"open","sticky":false,"template":"","format":"standard","meta":{"_jetpack_memberships_contains_paid_content":false,"footnotes":"","jetpack_publicize_message":"","jetpack_publicize_feature_enabled":true,"jetpack_social_post_already_shared":false,"jetpack_social_options":{"image_generator_settings":{"template":"highway","enabled":false}}},"categories":[1],"tags":[],"jetpack_publicize_connections":[],"jetpack_featured_media_url":"https:\/\/enteculturalsantafesino.com.ar\/usina3\/wp-content\/uploads\/2013\/05\/ccm-si.jpg","jetpack_sharing_enabled":true,"_links":{"self":[{"href":"https:\/\/enteculturalsantafesino.com.ar\/usina3\/wp-json\/wp\/v2\/posts\/8833"}],"collection":[{"href":"https:\/\/enteculturalsantafesino.com.ar\/usina3\/wp-json\/wp\/v2\/posts"}],"about":[{"href":"https:\/\/enteculturalsantafesino.com.ar\/usina3\/wp-json\/wp\/v2\/types\/post"}],"author":[{"embeddable":true,"href":"https:\/\/enteculturalsantafesino.com.ar\/usina3\/wp-json\/wp\/v2\/users\/3"}],"replies":[{"embeddable":true,"href":"https:\/\/enteculturalsantafesino.com.ar\/usina3\/wp-json\/wp\/v2\/comments?post=8833"}],"version-history":[{"count":0,"href":"https:\/\/enteculturalsantafesino.com.ar\/usina3\/wp-json\/wp\/v2\/posts\/8833\/revisions"}],"wp:featuredmedia":[{"embeddable":true,"href":"https:\/\/enteculturalsantafesino.com.ar\/usina3\/wp-json\/wp\/v2\/media\/8834"}],"wp:attachment":[{"href":"https:\/\/enteculturalsantafesino.com.ar\/usina3\/wp-json\/wp\/v2\/media?parent=8833"}],"wp:term":[{"taxonomy":"category","embeddable":true,"href":"https:\/\/enteculturalsantafesino.com.ar\/usina3\/wp-json\/wp\/v2\/categories?post=8833"},{"taxonomy":"post_tag","embeddable":true,"href":"https:\/\/enteculturalsantafesino.com.ar\/usina3\/wp-json\/wp\/v2\/tags?post=8833"}],"curies":[{"name":"wp","href":"https:\/\/api.w.org\/{rel}","templated":true}]}}