{"id":8846,"date":"2013-09-04T04:35:06","date_gmt":"2013-09-04T04:35:06","guid":{"rendered":"http:\/\/entecultura.com.ar\/usina3\/?p=8846"},"modified":"2013-09-04T04:46:57","modified_gmt":"2013-09-04T04:46:57","slug":"el-ii-cabildo-cultural-santafesino-abre-sus-puertas","status":"publish","type":"post","link":"https:\/\/enteculturalsantafesino.com.ar\/usina3\/2013\/09\/el-ii-cabildo-cultural-santafesino-abre-sus-puertas\/","title":{"rendered":"El \u00abII Cabildo Cultural Santafesino\u00bb abre sus puertas"},"content":{"rendered":"<p>A partir de las conclusiones arribadas en el Cabildo Cultural Santafesino 2012 y<a href=\"http:\/\/enteculturalsantafesino.com.ar\/usina3\/wp-content\/uploads\/2013\/09\/cabildo-carpeta-2013-2.jpg\" rel=\"lightbox[8846]\"><img loading=\"lazy\" decoding=\"async\" class=\"size-full wp-image-8847 alignright\" alt=\"cabildo carpeta 2013 2\" src=\"http:\/\/enteculturalsantafesino.com.ar\/usina3\/wp-content\/uploads\/2013\/09\/cabildo-carpeta-2013-2.jpg\" width=\"175\" height=\"176\" srcset=\"https:\/\/enteculturalsantafesino.com.ar\/usina3\/wp-content\/uploads\/2013\/09\/cabildo-carpeta-2013-2.jpg 175w, https:\/\/enteculturalsantafesino.com.ar\/usina3\/wp-content\/uploads\/2013\/09\/cabildo-carpeta-2013-2-150x150.jpg 150w\" sizes=\"(max-width: 175px) 100vw, 175px\" \/><\/a><\/p>\n<p>en los diversos Congresos Argentinos de Cultura, respecto del rol del Estado de proponer un Plan Estrat\u00e9gico de Cultura que incluya el financiamiento, la organizaci\u00f3n institucional y la legislaci\u00f3n de cada provincia de la Argentina; el Ente Cultural, propone un nuevo Cabildo Cultural para repensar una planificaci\u00f3n cultural que nos involucre a todos.<\/p>\n<p>Atendiendo prioritariamente a la diversidad cultural y a las diferentes identidades regionales de la provincia, apuntamos a dise\u00f1ar un plan cultural basado en la inclusi\u00f3n social a trav\u00e9s de acciones art\u00edsticas culturales que involucren una participaci\u00f3n democr\u00e1tica e integradora de cada localidad de Santa Fe.<\/p>\n<p>Este mi\u00e9rcoles<strong> 4 de septiembre<\/strong> a la hora <strong>19:30 en el Centro Cultural Cervantes de El Tr\u00e9bol<\/strong>\u00a01se desarrollar\u00e1 la Apertura Oficial del <strong>II Cabildo Cultural Santafesino<\/strong> con la participaci\u00f3n del Coro Polif\u00f3nico Municipal, el Intendente Prof. Fernando Almada tendr\u00e1 a su cargo las palabras de bienvenida y comenzar\u00e1 a desarrollarse la primera mesa denominada \u201cFederalismo y Cultura\u201d con prestigiosos oradores como <strong>Julio Fern\u00e1ndez Baraibar y la Directora Nacional del M.A.T.R.A Roxana Amarilla,<\/strong> la primera jornada tendr\u00e1 el cierre del destacado <strong>Bruno Orgaz .<\/strong><\/p>\n<p>&nbsp;<\/p>\n<p><strong> Cine M\u00f3vil llega a Lehmann<\/strong><\/p>\n<p>A trav\u00e9s del auspicio de la <strong>Diputada Nacional Claudia Giaccone<\/strong> llega en el marco del Cabildo Cultural el <strong>Cine M\u00f3vil Santafesino<\/strong> el cual recorrer\u00e1 las comunidades de <em>Lehmann, Tacural y Colonia Aldao<\/em> .<\/p>\n<p>El mismo se har\u00e1 efectivo este mi\u00e9rcoles 4 a las 19.30 hs. en el sal\u00f3n menor del Club Moreno con la proyecci\u00f3n del film \u201cRALPH, EL DEMOLEDOR\u201d, apto para todas las edades.<\/p>\n<p>De esta manera la Comisi\u00f3n de Cultura junto al Ente Cultural contin\u00faa con sus proyectos socio-culturales e integradores en beneficio de todos. Las actividades continuar\u00e1n en las localidades de <strong>Tortugas, Colonia Aldao, San Jos\u00e9 del Rinc\u00f3n y el cierre el d\u00eda 8 de septiembre en Mar\u00eda Juana<\/strong> , con importantes disertantes y espect\u00e1culos art\u00edsticos en cada presentaci\u00f3n.<\/p>\n<p>En los pueblos de <strong>Lehmann, Colonia Aldao, Sarmiento y Felicia<\/strong> estar\u00e1 presente el <strong>Bibliom\u00f3vil de la CONABIP y el Cine M\u00f3vil Santafesino<\/strong><\/p>\n","protected":false},"excerpt":{"rendered":"<p>A partir de las conclusiones arribadas en el Cabildo Cultural Santafesino 2012 y en los diversos Congresos [&hellip;]<\/p>\n","protected":false},"author":3,"featured_media":8847,"comment_status":"open","ping_status":"open","sticky":false,"template":"","format":"standard","meta":{"_jetpack_memberships_contains_paid_content":false,"footnotes":"","jetpack_publicize_message":"","jetpack_publicize_feature_enabled":true,"jetpack_social_post_already_shared":false,"jetpack_social_options":{"image_generator_settings":{"template":"highway","enabled":false}}},"categories":[1],"tags":[],"jetpack_publicize_connections":[],"jetpack_featured_media_url":"https:\/\/enteculturalsantafesino.com.ar\/usina3\/wp-content\/uploads\/2013\/09\/cabildo-carpeta-2013-2.jpg","jetpack_sharing_enabled":true,"_links":{"self":[{"href":"https:\/\/enteculturalsantafesino.com.ar\/usina3\/wp-json\/wp\/v2\/posts\/8846"}],"collection":[{"href":"https:\/\/enteculturalsantafesino.com.ar\/usina3\/wp-json\/wp\/v2\/posts"}],"about":[{"href":"https:\/\/enteculturalsantafesino.com.ar\/usina3\/wp-json\/wp\/v2\/types\/post"}],"author":[{"embeddable":true,"href":"https:\/\/enteculturalsantafesino.com.ar\/usina3\/wp-json\/wp\/v2\/users\/3"}],"replies":[{"embeddable":true,"href":"https:\/\/enteculturalsantafesino.com.ar\/usina3\/wp-json\/wp\/v2\/comments?post=8846"}],"version-history":[{"count":0,"href":"https:\/\/enteculturalsantafesino.com.ar\/usina3\/wp-json\/wp\/v2\/posts\/8846\/revisions"}],"wp:featuredmedia":[{"embeddable":true,"href":"https:\/\/enteculturalsantafesino.com.ar\/usina3\/wp-json\/wp\/v2\/media\/8847"}],"wp:attachment":[{"href":"https:\/\/enteculturalsantafesino.com.ar\/usina3\/wp-json\/wp\/v2\/media?parent=8846"}],"wp:term":[{"taxonomy":"category","embeddable":true,"href":"https:\/\/enteculturalsantafesino.com.ar\/usina3\/wp-json\/wp\/v2\/categories?post=8846"},{"taxonomy":"post_tag","embeddable":true,"href":"https:\/\/enteculturalsantafesino.com.ar\/usina3\/wp-json\/wp\/v2\/tags?post=8846"}],"curies":[{"name":"wp","href":"https:\/\/api.w.org\/{rel}","templated":true}]}}