{"id":9899,"date":"2015-11-16T04:26:59","date_gmt":"2015-11-16T04:26:59","guid":{"rendered":"http:\/\/entecultura.com.ar\/usina3\/?p=9899"},"modified":"2015-11-16T04:26:59","modified_gmt":"2015-11-16T04:26:59","slug":"acebal-y-santa-teresa-reciben-el-programa-yo-tengo-tantos-hermanos","status":"publish","type":"post","link":"https:\/\/enteculturalsantafesino.com.ar\/usina3\/2015\/11\/acebal-y-santa-teresa-reciben-el-programa-yo-tengo-tantos-hermanos\/","title":{"rendered":"Acebal y Santa Teresa reciben el Programa \u201cYo tengo tantos Hermanos\u201d"},"content":{"rendered":"<p>Entre el <strong>Ministerio de Cultura de la Naci\u00f3n <\/strong>y\u00a0el\u00a0<strong>Ente Cultural Santafesino<\/strong>\u00a0se articular\u00e1 un recorrido por distintas comunidades establecidas en las Usinas Culturales con el\u00a0 programa <strong>\u201cYo Tengo Tantos Hermanos\u201d.<\/strong><\/p>\n<p><em>Dicha propuesta, coordinada por <strong>Jos\u00e9 Ce\u00f1a<\/strong>, se cre\u00f3 en el a\u00f1o 2008, con motivo de celebrarse los cien a\u00f1os del nacimiento de <strong>Atahualpa Yupanqui<\/strong> y con el objetivo de difundir su obra, como herencia que la\u00a0 sociedad posee como patrimonio cultural.<\/em><\/p>\n<p><em>Ciclos de cine, conciertos did\u00e1cticos, recitales, presentaciones de libros,\u00a0 disertaciones y muestras fotogr\u00e1ficas son algunas de las actividades que se enmarcan en el desarrollo de este programa.<\/em><\/p>\n<p><strong>Tramo III<\/strong><\/p>\n<p><strong>SANTA TERESA <\/strong><\/p>\n<p><strong>MARTES 17\u2013 NOVIEMBRE<\/strong><\/p>\n<p>Muestra \u201cGente necesaria\u201d<\/p>\n<p>Proyecci\u00f3n del documental \u201cHamlet\u2026y esa gente necesaria\u201d.<\/p>\n<p><strong>MIERCOLES 18 \u2013 NOVIEMBRE<\/strong><\/p>\n<p>Presentaci\u00f3n del libro y recital: <em>Cr\u00f3nica de un semejante. Un perfil de Hamlet Lima Quintana<\/em> [Contiene CD gratuito] <strong>Editorial: <\/strong>Centro Cultural de la Cooperaci\u00f3n. A cargo de Enrique Llopis.<\/p>\n<p>Proyecci\u00f3n de documental sobre Atahualpa Yupanqui.<em>\u00a0 \u00a0<\/em><\/p>\n<p><strong>JUEVES 19 \u2013 NOVIEMBRE<\/strong><\/p>\n<p>Presentaci\u00f3n de libro \u201c<a href=\"https:\/\/www.facebook.com\/fundacion.atahualpayupanqui\">Atahualpa Yupanqui<\/a>, asuntos del alma\u201d <em>a cargo del Profesor Sebasti\u00e1n Dom\u00ednguez.\u00a0\u00a0\u00a0\u00a0\u00a0\u00a0\u00a0\u00a0\u00a0\u00a0\u00a0\u00a0\u00a0\u00a0\u00a0\u00a0\u00a0\u00a0\u00a0\u00a0\u00a0\u00a0\u00a0\u00a0\u00a0\u00a0\u00a0\u00a0\u00a0\u00a0\u00a0\u00a0\u00a0\u00a0\u00a0\u00a0\u00a0\u00a0\u00a0\u00a0\u00a0\u00a0\u00a0\u00a0\u00a0<\/em><\/p>\n<p><strong>VERNES 20 \u2013 NOVIEMBRE<\/strong><\/p>\n<p>Concierto de Carlos Mart\u00ednez.<em>\u00a0 \u00a0 \u00a0 \u00a0 \u00a0 \u00a0 \u00a0 \u00a0 \u00a0 \u00a0 \u00a0 \u00a0 \u00a0 \u00a0 \u00a0 \u00a0 \u00a0 \u00a0 \u00a0 \u00a0 \u00a0 \u00a0 \u00a0 \u00a0 \u00a0 \u00a0 \u00a0 \u00a0 \u00a0\u00a0<\/em><\/p>\n<p><strong><em>ESPACIO DE REALIZACI\u00d3N:\u00a0BIBLIOTECA POPULAR BERNARDINO RIVADAVIA. DIRECCI\u00d3N: Pra. JUNTA 450. 15hs<\/em><\/strong><\/p>\n<p><strong>ACEBAL (en el marco del 34\u00b0 Fiesta Provincial\u00a0de la Poes\u00eda)<\/strong><\/p>\n<p><strong>Mi\u00e9rcoles 18<\/strong>&#8211; 21hs: Muestra Homenaje a Atahualpa Yupanqui y a Hamlet Lima Quintana. Muestra \u201cPara no Morir\u201d, Proyecci\u00f3n del documental, \u201cHamlet y esa Gente necesaria\u201d, E.E.S.O. 412.<\/p>\n<p><strong>Jueves 19<\/strong>&#8211; 21hs: Presentaci\u00f3n del libro y recital, \u201cCr\u00f3nica de un Semejante, un p\u00e9rfil de Hamlet Lima Quintana\u201c, a cargo de Enrique Llopis. Proyecci\u00f3n del documental de \u201cAtahualpa Yupanqui\u201d, E.E.S.O. 412.<\/p>\n<p><strong>Viernes 20<\/strong>&#8211; 19:00 hs: Presentaci\u00f3n del libro \u201cAtahualpa Yupanqui,Asuntos del Alma\u201d-\u00a0E.E.S.O.412<\/p>\n<p><strong>S\u00e1bado 21<\/strong>&#8211; 21hs: Concierto Homenaje a \u201cAtahuialpa Yupanaqui\u201d- E.E.S.O.412.\u00a0\u00a0\u00a0\u00a0\u00a0\u00a0\u00a0\u00a0\u00a0\u00a0\u00a0\u00a0\u00a0\u00a0\u00a0\u00a0\u00a0\u00a0\u00a0\u00a0\u00a0\u00a0\u00a0\u00a0\u00a0\u00a0\u00a0\u00a0\u00a0\u00a0\u00a0<em>\u00a0\u00a0\u00a0\u00a0\u00a0\u00a0\u00a0\u00a0\u00a0\u00a0\u00a0\u00a0\u00a0\u00a0\u00a0\u00a0\u00a0\u00a0\u00a0\u00a0\u00a0\u00a0\u00a0\u00a0\u00a0\u00a0\u00a0\u00a0\u00a0\u00a0\u00a0\u00a0\u00a0\u00a0\u00a0\u00a0\u00a0\u00a0\u00a0\u00a0\u00a0\u00a0\u00a0\u00a0\u00a0\u00a0\u00a0\u00a0\u00a0\u00a0\u00a0\u00a0\u00a0\u00a0\u00a0\u00a0\u00a0\u00a0\u00a0\u00a0\u00a0\u00a0\u00a0\u00a0\u00a0\u00a0\u00a0\u00a0\u00a0\u00a0\u00a0\u00a0<\/em><\/p>\n","protected":false},"excerpt":{"rendered":"<p>Entre el Ministerio de Cultura de la Naci\u00f3n y\u00a0el\u00a0Ente Cultural Santafesino\u00a0se articular\u00e1 un recorrido por distintas comunidades [&hellip;]<\/p>\n","protected":false},"author":3,"featured_media":9924,"comment_status":"open","ping_status":"open","sticky":false,"template":"","format":"standard","meta":{"_jetpack_memberships_contains_paid_content":false,"footnotes":"","jetpack_publicize_message":"","jetpack_publicize_feature_enabled":true,"jetpack_social_post_already_shared":true,"jetpack_social_options":{"image_generator_settings":{"template":"highway","enabled":false}}},"categories":[14,4,15],"tags":[],"jetpack_publicize_connections":[],"jetpack_featured_media_url":"https:\/\/enteculturalsantafesino.com.ar\/usina3\/wp-content\/uploads\/2015\/11\/unnamed.jpg","jetpack_sharing_enabled":true,"_links":{"self":[{"href":"https:\/\/enteculturalsantafesino.com.ar\/usina3\/wp-json\/wp\/v2\/posts\/9899"}],"collection":[{"href":"https:\/\/enteculturalsantafesino.com.ar\/usina3\/wp-json\/wp\/v2\/posts"}],"about":[{"href":"https:\/\/enteculturalsantafesino.com.ar\/usina3\/wp-json\/wp\/v2\/types\/post"}],"author":[{"embeddable":true,"href":"https:\/\/enteculturalsantafesino.com.ar\/usina3\/wp-json\/wp\/v2\/users\/3"}],"replies":[{"embeddable":true,"href":"https:\/\/enteculturalsantafesino.com.ar\/usina3\/wp-json\/wp\/v2\/comments?post=9899"}],"version-history":[{"count":0,"href":"https:\/\/enteculturalsantafesino.com.ar\/usina3\/wp-json\/wp\/v2\/posts\/9899\/revisions"}],"wp:featuredmedia":[{"embeddable":true,"href":"https:\/\/enteculturalsantafesino.com.ar\/usina3\/wp-json\/wp\/v2\/media\/9924"}],"wp:attachment":[{"href":"https:\/\/enteculturalsantafesino.com.ar\/usina3\/wp-json\/wp\/v2\/media?parent=9899"}],"wp:term":[{"taxonomy":"category","embeddable":true,"href":"https:\/\/enteculturalsantafesino.com.ar\/usina3\/wp-json\/wp\/v2\/categories?post=9899"},{"taxonomy":"post_tag","embeddable":true,"href":"https:\/\/enteculturalsantafesino.com.ar\/usina3\/wp-json\/wp\/v2\/tags?post=9899"}],"curies":[{"name":"wp","href":"https:\/\/api.w.org\/{rel}","templated":true}]}}