{"id":9905,"date":"2015-11-12T18:37:22","date_gmt":"2015-11-12T18:37:22","guid":{"rendered":"http:\/\/entecultura.com.ar\/usina3\/?p=9905"},"modified":"2015-11-12T18:43:46","modified_gmt":"2015-11-12T18:43:46","slug":"el-ente-cultural-santafesino-junto-a-la-ministra-teresa-parodi","status":"publish","type":"post","link":"https:\/\/enteculturalsantafesino.com.ar\/usina3\/2015\/11\/el-ente-cultural-santafesino-junto-a-la-ministra-teresa-parodi\/","title":{"rendered":"El Ente Cultural Santafesino junto a la Ministra Teresa Parodi"},"content":{"rendered":"\n\t\t<style type=\"text\/css\">\n\t\t\t#gallery-1 {\n\t\t\t\tmargin: auto;\n\t\t\t}\n\t\t\t#gallery-1 .gallery-item {\n\t\t\t\tfloat: left;\n\t\t\t\tmargin-top: 10px;\n\t\t\t\ttext-align: center;\n\t\t\t\twidth: 25%;\n\t\t\t}\n\t\t\t#gallery-1 img {\n\t\t\t\tborder: 2px solid #cfcfcf;\n\t\t\t}\n\t\t\t#gallery-1 .gallery-caption {\n\t\t\t\tmargin-left: 0;\n\t\t\t}\n\t\t\t\/* see gallery_shortcode() in wp-includes\/media.php *\/\n\t\t<\/style>\n\t\t<div id='gallery-1' class='gallery galleryid-9905 gallery-columns-4 gallery-size-thumbnail'><dl class='gallery-item'>\n\t\t\t<dt class='gallery-icon landscape'>\n\t\t\t\t<a href='https:\/\/enteculturalsantafesino.com.ar\/usina3\/2015\/11\/el-ente-cultural-santafesino-junto-a-la-ministra-teresa-parodi\/12226885_10153796848563291_1926471945_n\/'><img loading=\"lazy\" decoding=\"async\" width=\"150\" height=\"150\" src=\"https:\/\/enteculturalsantafesino.com.ar\/usina3\/wp-content\/uploads\/2015\/11\/12226885_10153796848563291_1926471945_n-150x150.jpg\" class=\"attachment-thumbnail size-thumbnail\" alt=\"\" srcset=\"https:\/\/enteculturalsantafesino.com.ar\/usina3\/wp-content\/uploads\/2015\/11\/12226885_10153796848563291_1926471945_n-150x150.jpg 150w, https:\/\/enteculturalsantafesino.com.ar\/usina3\/wp-content\/uploads\/2015\/11\/12226885_10153796848563291_1926471945_n-53x53.jpg 53w\" sizes=\"(max-width: 150px) 100vw, 150px\" \/><\/a>\n\t\t\t<\/dt><\/dl><dl class='gallery-item'>\n\t\t\t<dt class='gallery-icon landscape'>\n\t\t\t\t<a href='https:\/\/enteculturalsantafesino.com.ar\/usina3\/2015\/11\/el-ente-cultural-santafesino-junto-a-la-ministra-teresa-parodi\/12196194_1253789471313199_1725747141390160543_n-2\/'><img loading=\"lazy\" decoding=\"async\" width=\"150\" height=\"150\" src=\"https:\/\/enteculturalsantafesino.com.ar\/usina3\/wp-content\/uploads\/2015\/11\/12196194_1253789471313199_1725747141390160543_n1-150x150.jpg\" class=\"attachment-thumbnail size-thumbnail\" alt=\"\" srcset=\"https:\/\/enteculturalsantafesino.com.ar\/usina3\/wp-content\/uploads\/2015\/11\/12196194_1253789471313199_1725747141390160543_n1-150x150.jpg 150w, https:\/\/enteculturalsantafesino.com.ar\/usina3\/wp-content\/uploads\/2015\/11\/12196194_1253789471313199_1725747141390160543_n1-53x53.jpg 53w\" sizes=\"(max-width: 150px) 100vw, 150px\" \/><\/a>\n\t\t\t<\/dt><\/dl><dl class='gallery-item'>\n\t\t\t<dt class='gallery-icon landscape'>\n\t\t\t\t<a href='https:\/\/enteculturalsantafesino.com.ar\/usina3\/2015\/11\/el-ente-cultural-santafesino-junto-a-la-ministra-teresa-parodi\/12226790_10153796848218291_1183001491_n\/'><img loading=\"lazy\" decoding=\"async\" width=\"150\" height=\"150\" src=\"https:\/\/enteculturalsantafesino.com.ar\/usina3\/wp-content\/uploads\/2015\/11\/12226790_10153796848218291_1183001491_n-150x150.jpg\" class=\"attachment-thumbnail size-thumbnail\" alt=\"\" srcset=\"https:\/\/enteculturalsantafesino.com.ar\/usina3\/wp-content\/uploads\/2015\/11\/12226790_10153796848218291_1183001491_n-150x150.jpg 150w, https:\/\/enteculturalsantafesino.com.ar\/usina3\/wp-content\/uploads\/2015\/11\/12226790_10153796848218291_1183001491_n-53x53.jpg 53w\" sizes=\"(max-width: 150px) 100vw, 150px\" \/><\/a>\n\t\t\t<\/dt><\/dl><dl class='gallery-item'>\n\t\t\t<dt class='gallery-icon landscape'>\n\t\t\t\t<a href='https:\/\/enteculturalsantafesino.com.ar\/usina3\/2015\/11\/el-ente-cultural-santafesino-junto-a-la-ministra-teresa-parodi\/12207993_10153796847308291_1000136201_n\/'><img loading=\"lazy\" decoding=\"async\" width=\"150\" height=\"150\" src=\"https:\/\/enteculturalsantafesino.com.ar\/usina3\/wp-content\/uploads\/2015\/11\/12207993_10153796847308291_1000136201_n-150x150.jpg\" class=\"attachment-thumbnail size-thumbnail\" alt=\"\" srcset=\"https:\/\/enteculturalsantafesino.com.ar\/usina3\/wp-content\/uploads\/2015\/11\/12207993_10153796847308291_1000136201_n-150x150.jpg 150w, https:\/\/enteculturalsantafesino.com.ar\/usina3\/wp-content\/uploads\/2015\/11\/12207993_10153796847308291_1000136201_n-53x53.jpg 53w\" sizes=\"(max-width: 150px) 100vw, 150px\" \/><\/a>\n\t\t\t<\/dt><\/dl><br style=\"clear: both\" \/><dl class='gallery-item'>\n\t\t\t<dt class='gallery-icon landscape'>\n\t\t\t\t<a href='https:\/\/enteculturalsantafesino.com.ar\/usina3\/2015\/11\/el-ente-cultural-santafesino-junto-a-la-ministra-teresa-parodi\/12242323_10153796845148291_519882221_n\/'><img loading=\"lazy\" decoding=\"async\" width=\"150\" height=\"150\" src=\"https:\/\/enteculturalsantafesino.com.ar\/usina3\/wp-content\/uploads\/2015\/11\/12242323_10153796845148291_519882221_n-150x150.jpg\" class=\"attachment-thumbnail size-thumbnail\" alt=\"\" srcset=\"https:\/\/enteculturalsantafesino.com.ar\/usina3\/wp-content\/uploads\/2015\/11\/12242323_10153796845148291_519882221_n-150x150.jpg 150w, https:\/\/enteculturalsantafesino.com.ar\/usina3\/wp-content\/uploads\/2015\/11\/12242323_10153796845148291_519882221_n-53x53.jpg 53w\" sizes=\"(max-width: 150px) 100vw, 150px\" \/><\/a>\n\t\t\t<\/dt><\/dl><dl class='gallery-item'>\n\t\t\t<dt class='gallery-icon landscape'>\n\t\t\t\t<a href='https:\/\/enteculturalsantafesino.com.ar\/usina3\/2015\/11\/el-ente-cultural-santafesino-junto-a-la-ministra-teresa-parodi\/12212144_10153795285788291_850666009_n\/'><img loading=\"lazy\" decoding=\"async\" width=\"150\" height=\"150\" src=\"https:\/\/enteculturalsantafesino.com.ar\/usina3\/wp-content\/uploads\/2015\/11\/12212144_10153795285788291_850666009_n-150x150.jpg\" class=\"attachment-thumbnail size-thumbnail\" alt=\"\" srcset=\"https:\/\/enteculturalsantafesino.com.ar\/usina3\/wp-content\/uploads\/2015\/11\/12212144_10153795285788291_850666009_n-150x150.jpg 150w, https:\/\/enteculturalsantafesino.com.ar\/usina3\/wp-content\/uploads\/2015\/11\/12212144_10153795285788291_850666009_n-53x53.jpg 53w\" sizes=\"(max-width: 150px) 100vw, 150px\" \/><\/a>\n\t\t\t<\/dt><\/dl><dl class='gallery-item'>\n\t\t\t<dt class='gallery-icon landscape'>\n\t\t\t\t<a href='https:\/\/enteculturalsantafesino.com.ar\/usina3\/2015\/11\/el-ente-cultural-santafesino-junto-a-la-ministra-teresa-parodi\/12207819_10153795284948291_126138250_n\/'><img loading=\"lazy\" decoding=\"async\" width=\"150\" height=\"150\" src=\"https:\/\/enteculturalsantafesino.com.ar\/usina3\/wp-content\/uploads\/2015\/11\/12207819_10153795284948291_126138250_n-150x150.jpg\" class=\"attachment-thumbnail size-thumbnail\" alt=\"\" srcset=\"https:\/\/enteculturalsantafesino.com.ar\/usina3\/wp-content\/uploads\/2015\/11\/12207819_10153795284948291_126138250_n-150x150.jpg 150w, https:\/\/enteculturalsantafesino.com.ar\/usina3\/wp-content\/uploads\/2015\/11\/12207819_10153795284948291_126138250_n-53x53.jpg 53w\" sizes=\"(max-width: 150px) 100vw, 150px\" \/><\/a>\n\t\t\t<\/dt><\/dl><dl class='gallery-item'>\n\t\t\t<dt class='gallery-icon landscape'>\n\t\t\t\t<a href='https:\/\/enteculturalsantafesino.com.ar\/usina3\/2015\/11\/el-ente-cultural-santafesino-junto-a-la-ministra-teresa-parodi\/12226809_10153795281013291_329665153_n\/'><img loading=\"lazy\" decoding=\"async\" width=\"150\" height=\"150\" src=\"https:\/\/enteculturalsantafesino.com.ar\/usina3\/wp-content\/uploads\/2015\/11\/12226809_10153795281013291_329665153_n-150x150.jpg\" class=\"attachment-thumbnail size-thumbnail\" alt=\"\" srcset=\"https:\/\/enteculturalsantafesino.com.ar\/usina3\/wp-content\/uploads\/2015\/11\/12226809_10153795281013291_329665153_n-150x150.jpg 150w, https:\/\/enteculturalsantafesino.com.ar\/usina3\/wp-content\/uploads\/2015\/11\/12226809_10153795281013291_329665153_n-53x53.jpg 53w\" sizes=\"(max-width: 150px) 100vw, 150px\" \/><\/a>\n\t\t\t<\/dt><\/dl><br style=\"clear: both\" \/>\n\t\t<\/div>\n\n<p>Durante el<strong> 9 y 10 de noviembre<\/strong> se realizaron en Buenos Aires las <strong>\u201cJornadas Culturales junto al Ministerio de Cultura Naci\u00f3n\u201d<\/strong>, organizadas por el <strong>Ente Cultural Santafesino <\/strong>y la<strong> Diputada Nacional Claudia Giaccone<\/strong>.<\/p>\n<p>Participaron m\u00e1s de sesenta Gestores y Coordinadores Culturales de distintos Programas del Ente, de diferentes localidades de la bota santafesina pertenecientes a esa instituci\u00f3n, encabezados por su presidente, Lic. Leonardo Carrozza. Los acompa\u00f1\u00f3 la Diputada Nacional Claudia Giaccone, madrina de la misma.<\/p>\n<p>La primera jornada se desarroll\u00f3 en el <strong>Centro Cultural N\u00e9stor Kirchner,<\/strong> con visita al mismo y luego una capacitaci\u00f3n a trav\u00e9s del programa <strong>M\u00fasica para Todos<\/strong>.<br \/>\nEl segundo d\u00eda fue m\u00e1s intenso y variado, recorriendo la <strong>Casa Rosada j<\/strong>unto a Carlos L\u00f3pez, secretario privado de la Presidenta Cristina Fern\u00e1ndez de Kirchner, que invit\u00f3 a recorrer el despacho de la misma. Desde all\u00ed la delegaci\u00f3n santafesina se dirigi\u00f3 al Congreso Nacional para tener una reuni\u00f3n con la Ministra de Cultura Teresa Parodi, donde se convers\u00f3 sobre la acci\u00f3n cultural dentro del proyecto pol\u00edtico del gobierno nacional, pensando y trabajando para los desaf\u00edos que vienen.<\/p>\n<p>En la oportunidad Parodi dijo: <em>\u00abYo no estar\u00eda en este lugar, no estar\u00eda aqu\u00ed, si no creyera en esta manera de hacer pol\u00edtica y en el gran legado de N\u00e9stor y Cristina, que nos propusieron trabajar juntos, todos con las manos ah\u00ed haciendo la tarea. Para construir soberan\u00eda e independencia. Este es el proyecto que hoy encabezan los compa\u00f1eros Daniel Scioli y Carlos Zanini, y es el que debemos acompa\u00f1ar el 22 de noviembre para una victoria que ser\u00e1 nuestra\u00bb.<\/em><\/p>\n<p>El d\u00eda culmin\u00f3 en la Casa del Bicentenario -de Buenos Aires-, junto a Julio Fern\u00e1ndez Baraibar, periodista, historiador y miembro del Instituto Nacional Manuel Dorrego.<\/p>\n<p>La Diputada Giaccone se mostr\u00f3 complacida con la oportunidad de encontrarse los gestores culturales santafesinos para debatir entre s\u00ed y con los responsables del \u00e1rea cultural de la Naci\u00f3n. \u00ab<em>El Ente Cultural Santafesino es una construcci\u00f3n horizontal, plural, que busca rescatar los valores del interior de nuestra provincia, dar la posibilidad de mostrarlos, y en d\u00edas como estos permitir que vean su trabajo reconocido\u00bb, <\/em>manifest\u00f3.<em> \u00abLas Jornadas de este 2015 superaron las del a\u00f1o pasado. Concurrimos con un grupo m\u00e1s numeroso, pero adem\u00e1s aportamos y recibimos para mejorar el camino elegido de generar cultura desde lo nuestro\u00bb.<\/em><\/p>\n<p>Por su parte, Leonardo Carrozza, resalt\u00f3 que<em> \u201chemos descubierto el valor de nuestros bienes culturales locales por m\u00e1s peque\u00f1os que sean nuestros territorios, y eso sucede porque formamos parte de un prop\u00f3sito cultural m\u00e1s abarcativo, donde somos protagonistas. Pero debemos afirmar y no olvidar, que esta construcci\u00f3n cultural solo es posible porque hay un proyecto pol\u00edtico que la sustenta, y que debe continuar\u00bb.<\/em><\/p>\n<p><strong><u>Expresiones de la Ministra Teresa Parodi<\/u><\/strong><strong><br \/>\n<\/strong><em>&#8211; \u00abYo estoy orgullosa de mi pueblo, que reconoce y defiende las pol\u00edticas que lo incluyeron; que lo incluyen y lo respetan. Este proyecto pol\u00edtico que nos contiene ha sido pensado siempre as\u00ed, con igualdad; porque la igualdad es lo \u00fanico que garantiza la inclusi\u00f3n, y viceversa, la inclusi\u00f3n es lo \u00fanico que garantiza la igualdad\u00bb.<\/em><\/p>\n<p><em>&#8211; \u00abQuiero mucho a la provincia de Santa Fe. Un t\u00edo m\u00edo se fue a vivir a Santa Fe capital y yo lo iba a visitar en barco&#8230; \u00a1en barco! \u00a1por el r\u00edo!. Y all\u00e1 aprend\u00eda las canciones que escuchaba. Y luego fui a<\/em> <em>cantar en muchas fiestas de muchos pueblos santafesinos. Lugares donde se otorga importancia a esos eventos comunitarios, donde todos son parte y colaboran. Vi y veo, que desde lo cultural no se termina nunca de trabajar, y es mucho m\u00e1s dif\u00edcil cuando se hace desde el interior del interior. Ustedes lo saben. Hay dos pa\u00edses: uno que mira para afuera, y otro que, viva donde viva, mira para adentro, que siempre busca en el adentro\u00bb.<\/em><\/p>\n<p><em>&#8211; \u00abEsto no se detiene. Nunca detengan este trabajo; siempre hablen al pueblo para que se exprese y sea \u00e9l mismo. Defiendan esta pluralidad, esta diversidad,\u00a0 porque es all\u00ed donde somos m\u00e1s argentinos que nunca. Me alegro de haberlos conocido. Yo me ir\u00e9 ahora a trabajar al Parlasur, y desde ese espacio internacional seguir\u00e9 bregando por la cultura y potenci\u00e1ndonos como regi\u00f3n. Integrando la nuestra con la de los pa\u00edses hermanos latinoamericanos\u00bb.<\/em><\/p>\n<p><em>&#8211; \u00abVuelvan a sus lugares con m\u00e1s fuerzas que nunca. Sigan\u00a0 militando como hasta hoy, porque la cultura se milita. Es imprescindible seguir con este compromiso hacia adelante. Somos nuestro pueblo y debemos llegar a lo profundo de nuestro pueblo\u00bb, concluy\u00f3 ante los integrantes del Ente Cultural Santafesino.<\/em><\/p>\n","protected":false},"excerpt":{"rendered":"<p>Durante el 9 y 10 de noviembre se realizaron en Buenos Aires las \u201cJornadas Culturales junto al [&hellip;]<\/p>\n","protected":false},"author":3,"featured_media":9906,"comment_status":"open","ping_status":"open","sticky":false,"template":"","format":"standard","meta":{"_jetpack_memberships_contains_paid_content":false,"footnotes":"","jetpack_publicize_message":"","jetpack_publicize_feature_enabled":true,"jetpack_social_post_already_shared":true,"jetpack_social_options":{"image_generator_settings":{"template":"highway","enabled":false}}},"categories":[4],"tags":[],"jetpack_publicize_connections":[],"jetpack_featured_media_url":"https:\/\/enteculturalsantafesino.com.ar\/usina3\/wp-content\/uploads\/2015\/11\/12191657_1253789534646526_2323566302007036273_n.jpg","jetpack_sharing_enabled":true,"_links":{"self":[{"href":"https:\/\/enteculturalsantafesino.com.ar\/usina3\/wp-json\/wp\/v2\/posts\/9905"}],"collection":[{"href":"https:\/\/enteculturalsantafesino.com.ar\/usina3\/wp-json\/wp\/v2\/posts"}],"about":[{"href":"https:\/\/enteculturalsantafesino.com.ar\/usina3\/wp-json\/wp\/v2\/types\/post"}],"author":[{"embeddable":true,"href":"https:\/\/enteculturalsantafesino.com.ar\/usina3\/wp-json\/wp\/v2\/users\/3"}],"replies":[{"embeddable":true,"href":"https:\/\/enteculturalsantafesino.com.ar\/usina3\/wp-json\/wp\/v2\/comments?post=9905"}],"version-history":[{"count":0,"href":"https:\/\/enteculturalsantafesino.com.ar\/usina3\/wp-json\/wp\/v2\/posts\/9905\/revisions"}],"wp:featuredmedia":[{"embeddable":true,"href":"https:\/\/enteculturalsantafesino.com.ar\/usina3\/wp-json\/wp\/v2\/media\/9906"}],"wp:attachment":[{"href":"https:\/\/enteculturalsantafesino.com.ar\/usina3\/wp-json\/wp\/v2\/media?parent=9905"}],"wp:term":[{"taxonomy":"category","embeddable":true,"href":"https:\/\/enteculturalsantafesino.com.ar\/usina3\/wp-json\/wp\/v2\/categories?post=9905"},{"taxonomy":"post_tag","embeddable":true,"href":"https:\/\/enteculturalsantafesino.com.ar\/usina3\/wp-json\/wp\/v2\/tags?post=9905"}],"curies":[{"name":"wp","href":"https:\/\/api.w.org\/{rel}","templated":true}]}}