{"id":9920,"date":"2015-11-15T21:43:36","date_gmt":"2015-11-15T21:43:36","guid":{"rendered":"http:\/\/entecultura.com.ar\/usina3\/?p=9920"},"modified":"2015-11-15T21:43:36","modified_gmt":"2015-11-15T21:43:36","slug":"el-sable-corvo-del-general-jose-de-san-martin-visita-acebal","status":"publish","type":"post","link":"https:\/\/enteculturalsantafesino.com.ar\/usina3\/2015\/11\/el-sable-corvo-del-general-jose-de-san-martin-visita-acebal\/","title":{"rendered":"El Sable corvo del General Jos\u00e9 de San Mart\u00edn visita Acebal"},"content":{"rendered":"<p>En la\u00a0ma\u00f1ana del <strong>viernes 13<\/strong> en \u00a0la localidad de <strong>Acebal<\/strong>, se\u00a0present\u00f3 la r\u00e9plica del emblem\u00e1tico sable corvo perteneciente al General Jos\u00e9 de San Mart\u00edn, junto a una serie de muestras hist\u00f3ricas. Adem\u00e1s desde el Ministerio de Defensa se hizo entrega al Presidente Comunal, Daniel Siliano, de un cartel rutero que indica la distancia existente desde all\u00ed hasta las Islas Malvinas y la Ant\u00e1rtida.<\/p>\n<p>El Ministro de Defensa Ing. Agust\u00edn Rossi manifest\u00f3 que \u201cLa Argentina es un pa\u00eds bicontinental, hay 13 bases nacionales en la Ant\u00e1rtida, m\u00e1s de 1500 hombres y mujeres participan cada a\u00f1o en la Campa\u00f1a de Verano, y alrededor de 300 personas habitan all\u00ed permanentemente\u201d, precis\u00f3 el funcionario en la plaza San Mart\u00edn al destacar la importancia de este cartel \u201cque ya hemos entregado en diferentes localidades\u00bb. Y se\u00f1al\u00f3: \u201cSomos el primer pa\u00eds que lleg\u00f3 a la Ant\u00e1rtida y que mayor cantidad de bases tiene\u201d. Respecto al archipi\u00e9lago consider\u00f3 que \u201ces una forma m\u00e1s de reafirmar nuestra pertenencia con Malvinas\u201d.<\/p>\n<p>Durante la presentaci\u00f3n del sable corvo, Rossi record\u00f3 que el original \u201cpor decisi\u00f3n de la presidenta, Cristina Fern\u00e1ndez de Kirchner, fue devuelto al Museo Hist\u00f3rico Nacional donde est\u00e1 custodiado por el cuerpo de Granaderos a Caballo\u201d. Y continu\u00f3: \u201cEs un s\u00edmbolo de la historia de nuestros pr\u00f3ceres\u201d.<\/p>\n<p>Por su parte, el intendente Siliano agradeci\u00f3 \u201cla posibilidad de presentar estas muestras hist\u00f3ricas en nuestro pueblo\u201d.<\/p>\n<p>Estuvieron presentes el presidente Comunal de Carmen del Sauce Domingo Lapenta y el presidente Comunal electo de Villa Amelia, Gerardo Porfiri. Tambi\u00e9n participaron instituciones educativas de Acebal.<\/p>\n","protected":false},"excerpt":{"rendered":"<p>En la\u00a0ma\u00f1ana del viernes 13 en \u00a0la localidad de Acebal, se\u00a0present\u00f3 la r\u00e9plica del emblem\u00e1tico sable corvo [&hellip;]<\/p>\n","protected":false},"author":3,"featured_media":9922,"comment_status":"open","ping_status":"open","sticky":false,"template":"","format":"standard","meta":{"_jetpack_memberships_contains_paid_content":false,"footnotes":"","jetpack_publicize_message":"","jetpack_publicize_feature_enabled":true,"jetpack_social_post_already_shared":true,"jetpack_social_options":{"image_generator_settings":{"template":"highway","enabled":false}}},"categories":[1],"tags":[],"jetpack_publicize_connections":[],"jetpack_featured_media_url":"https:\/\/enteculturalsantafesino.com.ar\/usina3\/wp-content\/uploads\/2015\/11\/Muestras.jpg","jetpack_sharing_enabled":true,"_links":{"self":[{"href":"https:\/\/enteculturalsantafesino.com.ar\/usina3\/wp-json\/wp\/v2\/posts\/9920"}],"collection":[{"href":"https:\/\/enteculturalsantafesino.com.ar\/usina3\/wp-json\/wp\/v2\/posts"}],"about":[{"href":"https:\/\/enteculturalsantafesino.com.ar\/usina3\/wp-json\/wp\/v2\/types\/post"}],"author":[{"embeddable":true,"href":"https:\/\/enteculturalsantafesino.com.ar\/usina3\/wp-json\/wp\/v2\/users\/3"}],"replies":[{"embeddable":true,"href":"https:\/\/enteculturalsantafesino.com.ar\/usina3\/wp-json\/wp\/v2\/comments?post=9920"}],"version-history":[{"count":0,"href":"https:\/\/enteculturalsantafesino.com.ar\/usina3\/wp-json\/wp\/v2\/posts\/9920\/revisions"}],"wp:featuredmedia":[{"embeddable":true,"href":"https:\/\/enteculturalsantafesino.com.ar\/usina3\/wp-json\/wp\/v2\/media\/9922"}],"wp:attachment":[{"href":"https:\/\/enteculturalsantafesino.com.ar\/usina3\/wp-json\/wp\/v2\/media?parent=9920"}],"wp:term":[{"taxonomy":"category","embeddable":true,"href":"https:\/\/enteculturalsantafesino.com.ar\/usina3\/wp-json\/wp\/v2\/categories?post=9920"},{"taxonomy":"post_tag","embeddable":true,"href":"https:\/\/enteculturalsantafesino.com.ar\/usina3\/wp-json\/wp\/v2\/tags?post=9920"}],"curies":[{"name":"wp","href":"https:\/\/api.w.org\/{rel}","templated":true}]}}