{"id":9926,"date":"2015-11-16T13:40:10","date_gmt":"2015-11-16T13:40:10","guid":{"rendered":"http:\/\/entecultura.com.ar\/usina3\/?p=9926"},"modified":"2015-11-16T13:40:10","modified_gmt":"2015-11-16T13:40:10","slug":"el-ente-cultural-santafesino-se-presenta-en-arroyo-seco","status":"publish","type":"post","link":"https:\/\/enteculturalsantafesino.com.ar\/usina3\/2015\/11\/el-ente-cultural-santafesino-se-presenta-en-arroyo-seco\/","title":{"rendered":"El Ente Cultural Santafesino se presenta en Arroyo Seco"},"content":{"rendered":"<p>El<strong>\u00a0Ente Cultural Santafesino<\/strong>\u00a0invita a participar de la <strong>\u201cConferencia y exposici\u00f3n del \u00a0Plan Anual 2015\u2033\u00a0<\/strong>de\u00a0dicho espacio cultural provincial.<\/p>\n<p>El\u00a0<strong>mi\u00e9rcoles 18<\/strong>, a las <strong>19hs<\/strong>. en las instalaciones del <strong>Cine de ASAC<\/strong> se desarrollar\u00e1\u00a0dicho evento con la<strong>\u00a0<\/strong>presencia del<strong> Presidente del Ente Cultural Lic. Leonardo Carrozza <\/strong>y la<strong> Diputada Nacional Claudia Giaccone<\/strong><\/p>\n<p>En dicho encuentro se detallaran los objetivos y fundamentos trazados por este espacio, exponiendo los diversos Programas, Actividades y Gestiones\u00a0que articulan a las diversas\u00a0<span class=\"il\">Usinas<\/span> Culturales integradas por pueblos y ciudades de la\u00a0provincia de Santa Fe.<\/p>\n<p>Con el objetivo de seguir promoviendo y articulando acciones concretas a trav\u00e9s de la uni\u00f3n de los pueblos y sus manifestaciones art\u00edsticas; el\u00a0<a href=\"http:\/\/www.enteculturalsantafesino.com.ar\/\" target=\"_blank\">Ente Cultural Santafesino<\/a>\u00a0avanza con su premisa iniciadora:<strong>\u201cJuntos, M\u00e1s y Mejor\u201d<\/strong><\/p>\n","protected":false},"excerpt":{"rendered":"<p>El\u00a0Ente Cultural Santafesino\u00a0invita a participar de la \u201cConferencia y exposici\u00f3n del \u00a0Plan Anual 2015\u2033\u00a0de\u00a0dicho espacio cultural provincial. [&hellip;]<\/p>\n","protected":false},"author":3,"featured_media":9927,"comment_status":"open","ping_status":"open","sticky":false,"template":"","format":"standard","meta":{"_jetpack_memberships_contains_paid_content":false,"footnotes":"","jetpack_publicize_message":"","jetpack_publicize_feature_enabled":true,"jetpack_social_post_already_shared":true,"jetpack_social_options":{"image_generator_settings":{"template":"highway","enabled":false}}},"categories":[19],"tags":[],"jetpack_publicize_connections":[],"jetpack_featured_media_url":"https:\/\/enteculturalsantafesino.com.ar\/usina3\/wp-content\/uploads\/2015\/11\/10382735_283264128536117_2990942121015380814_n.jpg","jetpack_sharing_enabled":true,"_links":{"self":[{"href":"https:\/\/enteculturalsantafesino.com.ar\/usina3\/wp-json\/wp\/v2\/posts\/9926"}],"collection":[{"href":"https:\/\/enteculturalsantafesino.com.ar\/usina3\/wp-json\/wp\/v2\/posts"}],"about":[{"href":"https:\/\/enteculturalsantafesino.com.ar\/usina3\/wp-json\/wp\/v2\/types\/post"}],"author":[{"embeddable":true,"href":"https:\/\/enteculturalsantafesino.com.ar\/usina3\/wp-json\/wp\/v2\/users\/3"}],"replies":[{"embeddable":true,"href":"https:\/\/enteculturalsantafesino.com.ar\/usina3\/wp-json\/wp\/v2\/comments?post=9926"}],"version-history":[{"count":0,"href":"https:\/\/enteculturalsantafesino.com.ar\/usina3\/wp-json\/wp\/v2\/posts\/9926\/revisions"}],"wp:featuredmedia":[{"embeddable":true,"href":"https:\/\/enteculturalsantafesino.com.ar\/usina3\/wp-json\/wp\/v2\/media\/9927"}],"wp:attachment":[{"href":"https:\/\/enteculturalsantafesino.com.ar\/usina3\/wp-json\/wp\/v2\/media?parent=9926"}],"wp:term":[{"taxonomy":"category","embeddable":true,"href":"https:\/\/enteculturalsantafesino.com.ar\/usina3\/wp-json\/wp\/v2\/categories?post=9926"},{"taxonomy":"post_tag","embeddable":true,"href":"https:\/\/enteculturalsantafesino.com.ar\/usina3\/wp-json\/wp\/v2\/tags?post=9926"}],"curies":[{"name":"wp","href":"https:\/\/api.w.org\/{rel}","templated":true}]}}