{"id":1002,"date":"2014-12-04T13:12:29","date_gmt":"2014-12-04T13:12:29","guid":{"rendered":"http:\/\/entecultura.com.ar\/usina5\/?p=1002"},"modified":"2014-12-04T13:12:29","modified_gmt":"2014-12-04T13:12:29","slug":"se-realizara-en-suardi-el-empacho-de-cortos","status":"publish","type":"post","link":"https:\/\/enteculturalsantafesino.com.ar\/usina5\/2014\/12\/se-realizara-en-suardi-el-empacho-de-cortos\/","title":{"rendered":"SE REALIZAR\u00c1 EN SUARDI EL \u00abEMPACHO DE CORTOS\u00bb"},"content":{"rendered":"<p>Organizado por la Secretar\u00eda de Cultura y Educaci\u00f3n de la Comuna de Suardi, este domingo a las 18 hs. tendr\u00e1 lugar en la Sala Estrada de Suardi el \u00abEmpacho de Cortos\u00bb.<a href=\"http:\/\/enteculturalsantafesino.com.ar\/usina5\/wp-content\/uploads\/2014\/12\/10401452_10204670645553509_6681913622778220088_n.jpg\" rel=\"lightbox[1002]\"><img loading=\"lazy\" decoding=\"async\" class=\"alignright wp-image-1003 size-medium\" src=\"http:\/\/enteculturalsantafesino.com.ar\/usina5\/wp-content\/uploads\/2014\/12\/10401452_10204670645553509_6681913622778220088_n-300x159.jpg\" alt=\"10401452_10204670645553509_6681913622778220088_n\" width=\"300\" height=\"159\" srcset=\"https:\/\/enteculturalsantafesino.com.ar\/usina5\/wp-content\/uploads\/2014\/12\/10401452_10204670645553509_6681913622778220088_n-300x159.jpg 300w, https:\/\/enteculturalsantafesino.com.ar\/usina5\/wp-content\/uploads\/2014\/12\/10401452_10204670645553509_6681913622778220088_n.jpg 498w\" sizes=\"(max-width: 300px) 100vw, 300px\" \/><\/a><\/p>\n<p>Una iniciativa diferente que propone un cine debate &#8211; coordinado por la Prof. Vanina Borgogno- con la presentaci\u00f3n de producciones audiovisuales de los alumnos de los N\u00facleos Rurales de Educaci\u00f3n Secundaria Orientada (1500-Monte Oscuridad\/ 2500-Theiler\/ 3500-Suardense; dependientes del la Escuela de Educaci\u00f3n T\u00e9cnica N\u00ba 500 de Suardi). Adem\u00e1s: m\u00e1s de diez cortometrajes de realizadores de Argentina, Francia y B\u00e9lgica;\u00a0 con la presencia de alguno de ellos.<\/p>\n<p>Entrada libre y gratuita.<\/p>\n","protected":false},"excerpt":{"rendered":"<p>Organizado por la Secretar\u00eda de Cultura y Educaci\u00f3n de la Comuna de Suardi, este domingo a las [&hellip;]<\/p>\n","protected":false},"author":3,"featured_media":1003,"comment_status":"open","ping_status":"open","sticky":false,"template":"","format":"standard","meta":{"_jetpack_memberships_contains_paid_content":false,"footnotes":"","jetpack_publicize_message":"","jetpack_publicize_feature_enabled":true,"jetpack_social_post_already_shared":true,"jetpack_social_options":{"image_generator_settings":{"template":"highway","enabled":false}}},"categories":[2],"tags":[],"jetpack_publicize_connections":[],"jetpack_featured_media_url":"https:\/\/enteculturalsantafesino.com.ar\/usina5\/wp-content\/uploads\/2014\/12\/10401452_10204670645553509_6681913622778220088_n.jpg","jetpack_sharing_enabled":true,"_links":{"self":[{"href":"https:\/\/enteculturalsantafesino.com.ar\/usina5\/wp-json\/wp\/v2\/posts\/1002"}],"collection":[{"href":"https:\/\/enteculturalsantafesino.com.ar\/usina5\/wp-json\/wp\/v2\/posts"}],"about":[{"href":"https:\/\/enteculturalsantafesino.com.ar\/usina5\/wp-json\/wp\/v2\/types\/post"}],"author":[{"embeddable":true,"href":"https:\/\/enteculturalsantafesino.com.ar\/usina5\/wp-json\/wp\/v2\/users\/3"}],"replies":[{"embeddable":true,"href":"https:\/\/enteculturalsantafesino.com.ar\/usina5\/wp-json\/wp\/v2\/comments?post=1002"}],"version-history":[{"count":0,"href":"https:\/\/enteculturalsantafesino.com.ar\/usina5\/wp-json\/wp\/v2\/posts\/1002\/revisions"}],"wp:featuredmedia":[{"embeddable":true,"href":"https:\/\/enteculturalsantafesino.com.ar\/usina5\/wp-json\/wp\/v2\/media\/1003"}],"wp:attachment":[{"href":"https:\/\/enteculturalsantafesino.com.ar\/usina5\/wp-json\/wp\/v2\/media?parent=1002"}],"wp:term":[{"taxonomy":"category","embeddable":true,"href":"https:\/\/enteculturalsantafesino.com.ar\/usina5\/wp-json\/wp\/v2\/categories?post=1002"},{"taxonomy":"post_tag","embeddable":true,"href":"https:\/\/enteculturalsantafesino.com.ar\/usina5\/wp-json\/wp\/v2\/tags?post=1002"}],"curies":[{"name":"wp","href":"https:\/\/api.w.org\/{rel}","templated":true}]}}