{"id":1024,"date":"2014-12-15T14:48:25","date_gmt":"2014-12-15T14:48:25","guid":{"rendered":"http:\/\/entecultura.com.ar\/usina5\/?p=1024"},"modified":"2014-12-15T14:48:25","modified_gmt":"2014-12-15T14:48:25","slug":"san-guillermo-espectacular-concierto-de-fin-de-ano-y-mujeres-argentinas","status":"publish","type":"post","link":"https:\/\/enteculturalsantafesino.com.ar\/usina5\/2014\/12\/san-guillermo-espectacular-concierto-de-fin-de-ano-y-mujeres-argentinas\/","title":{"rendered":"San Guillermo: Espectacular Concierto de Fin de A\u00f1o y \u00abMujeres Argentinas\u00bb"},"content":{"rendered":"<p><span style=\"color: #141823; font-family: Helvetica, Arial, 'lucida grande', tahoma, verdana, arial, sans-serif;\">Se present\u00f3 el concierto de Fin de A\u00f1o y \u00abMujeres Argentinas\u00bb, ante una nutrida<a href=\"http:\/\/enteculturalsantafesino.com.ar\/usina5\/wp-content\/uploads\/2014\/12\/10846423_775114305888776_6801646925512784134_n-1.jpg\" rel=\"lightbox[1024]\"><img loading=\"lazy\" decoding=\"async\" class=\"size-medium wp-image-1025 alignright\" src=\"http:\/\/enteculturalsantafesino.com.ar\/usina5\/wp-content\/uploads\/2014\/12\/10846423_775114305888776_6801646925512784134_n-1-300x225.jpg\" alt=\"10846423_775114305888776_6801646925512784134_n (1)\" width=\"300\" height=\"225\" srcset=\"https:\/\/enteculturalsantafesino.com.ar\/usina5\/wp-content\/uploads\/2014\/12\/10846423_775114305888776_6801646925512784134_n-1-300x225.jpg 300w, https:\/\/enteculturalsantafesino.com.ar\/usina5\/wp-content\/uploads\/2014\/12\/10846423_775114305888776_6801646925512784134_n-1.jpg 960w\" sizes=\"(max-width: 300px) 100vw, 300px\" \/><\/a> <\/span><\/p>\n<p><span style=\"color: #141823; font-family: Helvetica, Arial, 'lucida grande', tahoma, verdana, arial, sans-serif;\">concurrencia de p\u00fablico en general. Importante evento musical-cultural que se desarroll\u00f3, <\/span><\/p>\n<p><span style=\"color: #141823; font-family: Helvetica, Arial, 'lucida grande', tahoma, verdana, arial, sans-serif;\">al aire libre, en el Centro Cultural de San Guillermo. Interpretaciones varias, luces, sonido y melod\u00edas, captaron la atenci\u00f3n de todos, en un magn\u00edfico evento que, cont\u00f3 con la presencia del Presidente Comunal y Vicepresidente, Daniel Martina y Liliana Carro respectivamente, el Secretario de Cultura Miguel Sterren, miembros de comisi\u00f3n comunal, entre otras autoridades, adem\u00e1s de colaboradores, integrantes de Gabinete Joven y familias en general.<\/span><\/p>\n<p>El Concierto \u00abMujeres Argentinas\u00bb cont\u00f3 con la actuaci\u00f3n de Coral \u00abCantarte\u00bb y Coro de Ni\u00f1os de la localidad de Colonia Aldao, Coro Comunal de Adultos y Ni\u00f1os y Banda Infanto Juvenil de San Guillermo con la actuaci\u00f3n especial de la Orquesta de C\u00e1mara \u00abRemo Pignoni\u00bb de la ciudad de Rafaela. Mujeres Argentinas; m\u00fasica de Ariel Ram\u00edrez, Versos F\u00e9lix Luna, arreglos y direcci\u00f3n general Manuel Marina, una excelente propuesta con importante repercusi\u00f3n en la regi\u00f3n. Las palabras alusivas, la entrega de obsequios y un momento de camarader\u00eda, cerraron una noche inolvidable.<\/p>\n","protected":false},"excerpt":{"rendered":"<p>Se present\u00f3 el concierto de Fin de A\u00f1o y \u00abMujeres Argentinas\u00bb, ante una nutrida concurrencia de p\u00fablico [&hellip;]<\/p>\n","protected":false},"author":3,"featured_media":1026,"comment_status":"open","ping_status":"open","sticky":false,"template":"","format":"standard","meta":{"_jetpack_memberships_contains_paid_content":false,"footnotes":"","jetpack_publicize_message":"","jetpack_publicize_feature_enabled":true,"jetpack_social_post_already_shared":true,"jetpack_social_options":{"image_generator_settings":{"template":"highway","enabled":false}}},"categories":[10],"tags":[],"jetpack_publicize_connections":[],"jetpack_featured_media_url":"https:\/\/enteculturalsantafesino.com.ar\/usina5\/wp-content\/uploads\/2014\/12\/P1016772_1728x1296-3.jpg","jetpack_sharing_enabled":true,"_links":{"self":[{"href":"https:\/\/enteculturalsantafesino.com.ar\/usina5\/wp-json\/wp\/v2\/posts\/1024"}],"collection":[{"href":"https:\/\/enteculturalsantafesino.com.ar\/usina5\/wp-json\/wp\/v2\/posts"}],"about":[{"href":"https:\/\/enteculturalsantafesino.com.ar\/usina5\/wp-json\/wp\/v2\/types\/post"}],"author":[{"embeddable":true,"href":"https:\/\/enteculturalsantafesino.com.ar\/usina5\/wp-json\/wp\/v2\/users\/3"}],"replies":[{"embeddable":true,"href":"https:\/\/enteculturalsantafesino.com.ar\/usina5\/wp-json\/wp\/v2\/comments?post=1024"}],"version-history":[{"count":0,"href":"https:\/\/enteculturalsantafesino.com.ar\/usina5\/wp-json\/wp\/v2\/posts\/1024\/revisions"}],"wp:featuredmedia":[{"embeddable":true,"href":"https:\/\/enteculturalsantafesino.com.ar\/usina5\/wp-json\/wp\/v2\/media\/1026"}],"wp:attachment":[{"href":"https:\/\/enteculturalsantafesino.com.ar\/usina5\/wp-json\/wp\/v2\/media?parent=1024"}],"wp:term":[{"taxonomy":"category","embeddable":true,"href":"https:\/\/enteculturalsantafesino.com.ar\/usina5\/wp-json\/wp\/v2\/categories?post=1024"},{"taxonomy":"post_tag","embeddable":true,"href":"https:\/\/enteculturalsantafesino.com.ar\/usina5\/wp-json\/wp\/v2\/tags?post=1024"}],"curies":[{"name":"wp","href":"https:\/\/api.w.org\/{rel}","templated":true}]}}