{"id":1029,"date":"2014-12-16T13:45:06","date_gmt":"2014-12-16T13:45:06","guid":{"rendered":"http:\/\/entecultura.com.ar\/usina5\/?p=1029"},"modified":"2014-12-16T13:45:06","modified_gmt":"2014-12-16T13:45:06","slug":"emotivo-acto-de-entrega-de-certificados-en-suardi","status":"publish","type":"post","link":"https:\/\/enteculturalsantafesino.com.ar\/usina5\/2014\/12\/emotivo-acto-de-entrega-de-certificados-en-suardi\/","title":{"rendered":"Emotivo acto de entrega de certificados en Suardi"},"content":{"rendered":"<p>En el d\u00eda de ayer se llev\u00f3 a cabo el acto de clausura de los Talleres comunales<a href=\"http:\/\/enteculturalsantafesino.com.ar\/usina5\/wp-content\/uploads\/2014\/12\/10845991_593737787394863_2218782896327993577_n.jpg\" rel=\"lightbox[1029]\"><img loading=\"lazy\" decoding=\"async\" class=\"alignright wp-image-1030 size-medium\" src=\"http:\/\/enteculturalsantafesino.com.ar\/usina5\/wp-content\/uploads\/2014\/12\/10845991_593737787394863_2218782896327993577_n-300x200.jpg\" alt=\"10845991_593737787394863_2218782896327993577_n\" width=\"300\" height=\"200\" srcset=\"https:\/\/enteculturalsantafesino.com.ar\/usina5\/wp-content\/uploads\/2014\/12\/10845991_593737787394863_2218782896327993577_n-300x200.jpg 300w, https:\/\/enteculturalsantafesino.com.ar\/usina5\/wp-content\/uploads\/2014\/12\/10845991_593737787394863_2218782896327993577_n.jpg 960w\" sizes=\"(max-width: 300px) 100vw, 300px\" \/><\/a><\/p>\n<p>enmarcados en el Programa Cultural Interdisciplinario del Departamento San Cristobal.<\/p>\n<div class=\"_li\">\n<div id=\"globalContainer\" class=\"uiContextualLayerParent\">\n<div id=\"content\" class=\"fb_content clearfix\" data-referrer=\"content\">\n<div>\n<div id=\"mainContainer\">\n<div id=\"contentCol\" class=\"homeWiderContent homeFixedLayout hasExpandedComposer newsFeedComposer _5r-_ homeFixedLayout hasRightCol\" data-referrer=\"contentCol\">\n<div>\n<div id=\"contentArea\">\n<div id=\"stream_pagelet\" data-referrer=\"stream_pagelet\">\n<div id=\"topnews_main_stream_408239535924329\" data-gt=\"{&quot;ref&quot;:&quot;nf_generic&quot;}\" data-referrer=\"topnews_main_stream_408239535924329\">\n<div id=\"feed_stream_54903437f1fb91e41164149\" class=\"_5pcb\" data-referrer=\"feed_stream_54903437f1fb91e41164149\">\n<div id=\"substream_0_549034a7818f29c64511460\" class=\"_4ikz\" data-referrer=\"substream_0_549034a7818f29c64511460\">\n<div>\n<div>\n<div id=\"u_jsonp_13_3\" class=\"_4-u2 mbm _5jmm _5pat _5v3q _2l4l _x72 _5qdv _1ut2\" tabindex=\"0\" data-ft=\"{&quot;qid&quot;:&quot;6093427711457913675&quot;,&quot;mf_story_key&quot;:&quot;4798176500516088613&quot;,&quot;fbfeed_location&quot;:1,&quot;insertion_position&quot;:8}\" data-snapshot_time_span=\"6\" data-story_below_count=\"0\" data-snapshot_timestamp=\"1418736696\" data-timestamp=\"1418735618\" data-dedupekey=\"4798176500516088613\" data-cursor=\"MTQxODczNjY5NjoxNDE4NzM2Njk2Ojk6NDc5ODE3NjUwMDUxNjA4ODYxMzoxNDE4NzM1NjIwOjA6MDo2\" data-insertion-position=\"8\">\n<div class=\"userContentWrapper _5pcr _3ccb\" data-gt=\"{&quot;type&quot;:&quot;click2canvas&quot;,&quot;fbsource&quot;:703,&quot;ref&quot;:&quot;nf_generic&quot;}\">\n<div id=\"js_3s\" class=\"_5pbx userContent\" data-ft=\"{&quot;tn&quot;:&quot;K&quot;}\">\n<div id=\"id_549034a7bf3737061649460\" class=\"text_exposed_root text_exposed\">\n<p>Del encuentro participaron el presidente comunal Hugo Boscarol, acompa\u00f1ado por Roberto Nu\u00f1ez, director del Programa Cultural Interdisciplinario departamental, la Jueza Comunitaria de Peque\u00f1as Causas Dra. Mar\u00eda Elena Agostini, miembros de la Comi<span class=\"text_exposed_hide\">&#8230;<\/span><span class=\"text_exposed_show\">si\u00f3n comunal; tambi\u00e9n autoridades de Instituciones Educativas e intermedias. Adem\u00e1s estuvieron presentes los docentes a cargo de los m\u00e1s de veinticinco espacios de formaci\u00f3n y recreaci\u00f3n que este a\u00f1o se desarrollaron y estuvieron coordinados por la Secretar\u00eda de Cultura y Educaci\u00f3n de la Comuna local.<br \/>\nLuego de disfrutar de la orquesta banda dirigida por el maestro Selvino Ortolano, hizo uso de la palabra el Secretario de Cultura y Educaci\u00f3n Nicol\u00e1s Negri quien agradeci\u00f3 tanto a los talleristas como a los cientos de vecinos y vecinas que se adue\u00f1aron de estos \u00e1mbitos de creaci\u00f3n, participaci\u00f3n y aprendizaje puesto que \u201cel saber nos hace libres, y la construcci\u00f3n de saberes aportado por los talleres comunales este a\u00f1o, fue un impulso m\u00e1s para seguir trabajando en la construcci\u00f3n de una comunidad m\u00e1s libre\u201d.<br \/>\nPor su parte Hugo Boscarol en su alocuci\u00f3n destac\u00f3 la preocupaci\u00f3n de esta gesti\u00f3n comunal por seguir trabajando e invirtiendo en cultura, ya que es una de las formas m\u00e1s fuertes para que nuestro pueblo siga creciendo. Adem\u00e1s puso sobre relieve la funci\u00f3n de los talleres comunales<a href=\"http:\/\/enteculturalsantafesino.com.ar\/usina5\/wp-content\/uploads\/2014\/12\/10857918_593737770728198_7832225916255956206_n.jpg\" rel=\"lightbox[1029]\"><img loading=\"lazy\" decoding=\"async\" class=\"alignright wp-image-1031 size-medium\" src=\"http:\/\/enteculturalsantafesino.com.ar\/usina5\/wp-content\/uploads\/2014\/12\/10857918_593737770728198_7832225916255956206_n-300x200.jpg\" alt=\"10857918_593737770728198_7832225916255956206_n\" width=\"300\" height=\"200\" srcset=\"https:\/\/enteculturalsantafesino.com.ar\/usina5\/wp-content\/uploads\/2014\/12\/10857918_593737770728198_7832225916255956206_n-300x200.jpg 300w, https:\/\/enteculturalsantafesino.com.ar\/usina5\/wp-content\/uploads\/2014\/12\/10857918_593737770728198_7832225916255956206_n.jpg 960w\" sizes=\"(max-width: 300px) 100vw, 300px\" \/><\/a> como espacios no s\u00f3lo de formaci\u00f3n sino de participaci\u00f3n y encuentro.<\/span><\/p>\n<p><span class=\"text_exposed_show\">Al cierre del acto y luego de la entrega de certificados a docentes y alumnos, se procedi\u00f3 a la entrega de certificados y material audiovisual e impreso de los artistas y realizadores que participaron en los diferentes programas del <strong>Ente Regional de Cultura, organismo al que la Secretar\u00eda de Cultura y Educaci\u00f3n adhiri\u00f3 a comienzos de este a\u00f1o.<\/strong><\/span><\/p>\n<\/div>\n<\/div>\n<\/div>\n<\/div>\n<\/div>\n<\/div>\n<\/div>\n<\/div>\n<\/div>\n<\/div>\n<\/div>\n<\/div>\n<\/div>\n<\/div>\n<\/div>\n<\/div>\n<\/div>\n<\/div>\n","protected":false},"excerpt":{"rendered":"<p>En el d\u00eda de ayer se llev\u00f3 a cabo el acto de clausura de los Talleres comunales [&hellip;]<\/p>\n","protected":false},"author":3,"featured_media":1031,"comment_status":"open","ping_status":"open","sticky":false,"template":"","format":"standard","meta":{"_jetpack_memberships_contains_paid_content":false,"footnotes":"","jetpack_publicize_message":"","jetpack_publicize_feature_enabled":true,"jetpack_social_post_already_shared":true,"jetpack_social_options":{"image_generator_settings":{"template":"highway","enabled":false}}},"categories":[2],"tags":[],"jetpack_publicize_connections":[],"jetpack_featured_media_url":"https:\/\/enteculturalsantafesino.com.ar\/usina5\/wp-content\/uploads\/2014\/12\/10857918_593737770728198_7832225916255956206_n.jpg","jetpack_sharing_enabled":true,"_links":{"self":[{"href":"https:\/\/enteculturalsantafesino.com.ar\/usina5\/wp-json\/wp\/v2\/posts\/1029"}],"collection":[{"href":"https:\/\/enteculturalsantafesino.com.ar\/usina5\/wp-json\/wp\/v2\/posts"}],"about":[{"href":"https:\/\/enteculturalsantafesino.com.ar\/usina5\/wp-json\/wp\/v2\/types\/post"}],"author":[{"embeddable":true,"href":"https:\/\/enteculturalsantafesino.com.ar\/usina5\/wp-json\/wp\/v2\/users\/3"}],"replies":[{"embeddable":true,"href":"https:\/\/enteculturalsantafesino.com.ar\/usina5\/wp-json\/wp\/v2\/comments?post=1029"}],"version-history":[{"count":0,"href":"https:\/\/enteculturalsantafesino.com.ar\/usina5\/wp-json\/wp\/v2\/posts\/1029\/revisions"}],"wp:featuredmedia":[{"embeddable":true,"href":"https:\/\/enteculturalsantafesino.com.ar\/usina5\/wp-json\/wp\/v2\/media\/1031"}],"wp:attachment":[{"href":"https:\/\/enteculturalsantafesino.com.ar\/usina5\/wp-json\/wp\/v2\/media?parent=1029"}],"wp:term":[{"taxonomy":"category","embeddable":true,"href":"https:\/\/enteculturalsantafesino.com.ar\/usina5\/wp-json\/wp\/v2\/categories?post=1029"},{"taxonomy":"post_tag","embeddable":true,"href":"https:\/\/enteculturalsantafesino.com.ar\/usina5\/wp-json\/wp\/v2\/tags?post=1029"}],"curies":[{"name":"wp","href":"https:\/\/api.w.org\/{rel}","templated":true}]}}