{"id":1090,"date":"2015-02-18T21:04:17","date_gmt":"2015-02-18T21:04:17","guid":{"rendered":"http:\/\/entecultura.com.ar\/usina5\/?p=1090"},"modified":"2015-02-18T21:04:17","modified_gmt":"2015-02-18T21:04:17","slug":"carolina-quiros-de-ambrosetti-es-la-reina-de-la-1-fiesta-provincial-de-la-carpa","status":"publish","type":"post","link":"https:\/\/enteculturalsantafesino.com.ar\/usina5\/2015\/02\/carolina-quiros-de-ambrosetti-es-la-reina-de-la-1-fiesta-provincial-de-la-carpa\/","title":{"rendered":"Carolina Quiros de Ambrosetti es la Reina de la 1\u00b0 Fiesta Provincial de la Carpa"},"content":{"rendered":"<p>Luego de a\u00f1os de postergaci\u00f3n por las\u00a0<a href=\"http:\/\/enteculturalsantafesino.com.ar\/usina5\/wp-content\/uploads\/2015\/02\/10980720_780015562082123_5226582744068219980_n.jpg\" rel=\"lightbox[1090]\"><img loading=\"lazy\" decoding=\"async\" class=\" size-medium wp-image-1091 alignright\" src=\"http:\/\/enteculturalsantafesino.com.ar\/usina5\/wp-content\/uploads\/2015\/02\/10980720_780015562082123_5226582744068219980_n-300x200.jpg\" alt=\"10980720_780015562082123_5226582744068219980_n\" width=\"300\" height=\"200\" srcset=\"https:\/\/enteculturalsantafesino.com.ar\/usina5\/wp-content\/uploads\/2015\/02\/10980720_780015562082123_5226582744068219980_n-300x200.jpg 300w, https:\/\/enteculturalsantafesino.com.ar\/usina5\/wp-content\/uploads\/2015\/02\/10980720_780015562082123_5226582744068219980_n.jpg 960w\" sizes=\"(max-width: 300px) 100vw, 300px\" \/><\/a><\/p>\n<p>condiciones clim\u00e1ticas adversas,<\/p>\n<p>se volvi\u00f3 a realizar una nueva edici\u00f3n de la Fiesta de la Carpa de Campamento en Laguna La Verde, siendo con car\u00e1cter en esta oportunidad 1\u00b0 Fiesta Provincial, decretada por el Ministerio de la Producci\u00f3n del Gobierno de la Provincia de Santa Fe. La fiesta estuvo organizada por el Club Caza y Pesca, la Comuna de Huanqueros y la Mutual AMEM, con la colaboraci\u00f3n del municipio de la ciudad de San Crist\u00f3bal.<\/p>\n<p>El evento comenz\u00f3 el d\u00eda viernes, donde los m\u00e1s de 2500 acampantes pudieron disfrutar de un predio en condiciones \u00f3ptimas, donde se destacan la construcci\u00f3n de nuevos sanitarios con duchas.<\/p>\n<p><strong>La Elecci\u00f3n de la reina<\/strong><\/p>\n<p>La corona fue la Carolina Quiroz (Comuna de Ambrosetti), 1\u00b0 Princesa Valentina Coronel (Municipalidad de San Crist\u00f3bal) y 2\u00b0 Princesa Mar\u00eda Fernanda Balaudo (Comuna de Mois\u00e9s Ville).<\/p>\n<p><strong>Grupos Musicales<\/strong><\/p>\n<p>Los artistas en escena deleitaron e hicieron bailar a los presentes. Comenzando el d\u00eda viernes 13 y finalizando el domingo 15. Actuaron El Grupo Alegr\u00eda, Trinidad, El Combo 10, Torrente y la Sancristobalense Bel\u00e9n y su Banda.<\/p>\n","protected":false},"excerpt":{"rendered":"<p>Luego de a\u00f1os de postergaci\u00f3n por las\u00a0 condiciones clim\u00e1ticas adversas, se volvi\u00f3 a realizar una nueva edici\u00f3n [&hellip;]<\/p>\n","protected":false},"author":3,"featured_media":1091,"comment_status":"open","ping_status":"open","sticky":false,"template":"","format":"standard","meta":{"_jetpack_memberships_contains_paid_content":false,"footnotes":"","jetpack_publicize_message":"","jetpack_publicize_feature_enabled":true,"jetpack_social_post_already_shared":true,"jetpack_social_options":{"image_generator_settings":{"template":"highway","enabled":false}}},"categories":[8],"tags":[],"jetpack_publicize_connections":[],"jetpack_featured_media_url":"https:\/\/enteculturalsantafesino.com.ar\/usina5\/wp-content\/uploads\/2015\/02\/10980720_780015562082123_5226582744068219980_n.jpg","jetpack_sharing_enabled":true,"_links":{"self":[{"href":"https:\/\/enteculturalsantafesino.com.ar\/usina5\/wp-json\/wp\/v2\/posts\/1090"}],"collection":[{"href":"https:\/\/enteculturalsantafesino.com.ar\/usina5\/wp-json\/wp\/v2\/posts"}],"about":[{"href":"https:\/\/enteculturalsantafesino.com.ar\/usina5\/wp-json\/wp\/v2\/types\/post"}],"author":[{"embeddable":true,"href":"https:\/\/enteculturalsantafesino.com.ar\/usina5\/wp-json\/wp\/v2\/users\/3"}],"replies":[{"embeddable":true,"href":"https:\/\/enteculturalsantafesino.com.ar\/usina5\/wp-json\/wp\/v2\/comments?post=1090"}],"version-history":[{"count":0,"href":"https:\/\/enteculturalsantafesino.com.ar\/usina5\/wp-json\/wp\/v2\/posts\/1090\/revisions"}],"wp:featuredmedia":[{"embeddable":true,"href":"https:\/\/enteculturalsantafesino.com.ar\/usina5\/wp-json\/wp\/v2\/media\/1091"}],"wp:attachment":[{"href":"https:\/\/enteculturalsantafesino.com.ar\/usina5\/wp-json\/wp\/v2\/media?parent=1090"}],"wp:term":[{"taxonomy":"category","embeddable":true,"href":"https:\/\/enteculturalsantafesino.com.ar\/usina5\/wp-json\/wp\/v2\/categories?post=1090"},{"taxonomy":"post_tag","embeddable":true,"href":"https:\/\/enteculturalsantafesino.com.ar\/usina5\/wp-json\/wp\/v2\/tags?post=1090"}],"curies":[{"name":"wp","href":"https:\/\/api.w.org\/{rel}","templated":true}]}}