{"id":1096,"date":"2015-02-21T16:04:48","date_gmt":"2015-02-21T16:04:48","guid":{"rendered":"http:\/\/entecultura.com.ar\/usina5\/?p=1096"},"modified":"2015-02-21T16:04:48","modified_gmt":"2015-02-21T16:04:48","slug":"espectaculares-carnavales-2015-en-ceres-2","status":"publish","type":"post","link":"https:\/\/enteculturalsantafesino.com.ar\/usina5\/2015\/02\/espectaculares-carnavales-2015-en-ceres-2\/","title":{"rendered":"Espectaculares \u00abCarnavales 2015\u00bb en Ceres"},"content":{"rendered":"<p>Los d\u00edas 13 y 14 de febrero, tal cual estaba programado,<a href=\"http:\/\/enteculturalsantafesino.com.ar\/usina5\/wp-content\/uploads\/2015\/02\/unnamed.jpg\" rel=\"lightbox[1096]\"><img loading=\"lazy\" decoding=\"async\" class=\" size-medium wp-image-1094 alignright\" src=\"http:\/\/enteculturalsantafesino.com.ar\/usina5\/wp-content\/uploads\/2015\/02\/unnamed-300x200.jpg\" alt=\"unnamed\" width=\"300\" height=\"200\" srcset=\"https:\/\/enteculturalsantafesino.com.ar\/usina5\/wp-content\/uploads\/2015\/02\/unnamed-300x200.jpg 300w, https:\/\/enteculturalsantafesino.com.ar\/usina5\/wp-content\/uploads\/2015\/02\/unnamed.jpg 829w\" sizes=\"(max-width: 300px) 100vw, 300px\" \/><\/a><\/p>\n<p>se realizaron los carnavales 2015 en la ciudad de Ceres.<\/p>\n<p>Por razones clim\u00e1ticas, debi\u00f3 ser suspendida la noche del 16.<\/p>\n<div class=\"_li\">\n<div id=\"globalContainer\" class=\"uiContextualLayerParent\">\n<div id=\"content\" class=\"fb_content clearfix \" data-referrer=\"content\">\n<div>\n<div id=\"mainContainer\">\n<div id=\"contentCol\" class=\"clearfix hasRightCol\">\n<div id=\"contentArea\">\n<div id=\"pagelet_timeline_main_column\" class=\"_5h60\" data-gt=\"{&quot;profile_owner&quot;:&quot;625480590833112&quot;,&quot;ref&quot;:&quot;timeline:timeline&quot;}\" data-referrer=\"pagelet_timeline_main_column\">\n<div id=\"PagesTimelineTabController_625480590833112\" data-referrer=\"PagesTimelineTabController_625480590833112\">\n<div class=\"_5ay5\">\n<div class=\"_5onm\">\n<div class=\"clearfix\">\n<div class=\"_4bl7 _4mb8\">\n<div id=\"PagePostsPagelet_625480590833112\" data-referrer=\"PagePostsPagelet_625480590833112\">\n<div class=\"_5ay5\">\n<div id=\"PagePostsSectionPagelet-625480590833112-0\" data-referrer=\"PagePostsSectionPagelet-625480590833112-0\">\n<div class=\"_1k4h _5ay5\">\n<div class=\"_5sem\">\n<div id=\"u_ps_jsonp_57_0_2\" class=\"_4-u2 mbm _5jmm _5pat _5v3q\" data-ft=\"{&quot;fbfeed_location&quot;:36}\" data-time=\"1424447052\">\n<div class=\"userContentWrapper _5pcr _3ccb\" data-gt=\"{&quot;type&quot;:&quot;click2canvas&quot;,&quot;fbsource&quot;:703,&quot;ref&quot;:&quot;nf_generic&quot;}\">\n<div class=\"_5pbx userContent\" data-ft=\"{&quot;tn&quot;:&quot;K&quot;}\">\n<div id=\"id_54e8ac01183fc6e62001668\" class=\"text_exposed_root text_exposed\">\n<p>Con un trabajo impecable de batucadas, murgas, comparsas y carrozas, representando a sus respectivos barrios, se vivieron dos noches fabulosas con una multitud expectante de lo que iba aconteciendo en esta fiesta popular.<br \/>\nAproximadamente 12 mil personas presenciaron los<span class=\"text_exposed_hide\">&#8230;<\/span><span class=\"text_exposed_show\"> corsos, con asistencia no solo de Ceresinos sino de la amplia regi\u00f3n que comprende nuestra ciudad.<br \/>\nEl brillo, ritmo y color del desfile de sus anfitriones por el corsodromo, fue el marco ideal en una noche llena de alegr\u00eda acompa\u00f1ada por una noche estrellada y la temperatura apropiada para este acontecimiento.<br \/>\nLuego de las pasadas correspondientes de los protagonistas con un recorrido diagramado con anterioridad, cerr\u00f3 cada una de las veladas la actuaci\u00f3n de los grupos musicales Los Alfiles, Lado B y Alegr\u00eda Chamamecera, proponiendo un baile festivo siendo muy bien recibido por los concurrentes.<br \/>\nDe esta manera, queda demostrada la respuesta favorable y el crecimiento que a\u00f1o tras a\u00f1o va teniendo esta fiesta popular, con entrada libre y gratuita, habiendo resurgido luego de muchos a\u00f1os de ausencia, gracias a las inquietudes del Intendente Camilo Busquets y las vecinales de los barrios, consider\u00e1ndola esencial para el crecimiento de la ciudad y la inclusi\u00f3n social.<br \/>\nDesde hace m\u00e1s de cuatros a\u00f1os, los carnavales Ceresinos en el mes de febrero marcan la agenda de quienes participan convirtiendo a esta fecha en un punto de encuentro, difundi\u00e9ndose por su destacado nivel, alcanzando a m\u00e1s localidades quienes deciden sumarse a nuestra fiesta.<\/span><\/p>\n<\/div>\n<\/div>\n<\/div>\n<\/div>\n<\/div>\n<\/div>\n<\/div>\n<\/div>\n<\/div>\n<\/div>\n<\/div>\n<\/div>\n<\/div>\n<\/div>\n<\/div>\n<\/div>\n<\/div>\n<\/div>\n<\/div>\n<\/div>\n<\/div>\n<\/div>\n","protected":false},"excerpt":{"rendered":"<p>Los d\u00edas 13 y 14 de febrero, tal cual estaba programado, se realizaron los carnavales 2015 en [&hellip;]<\/p>\n","protected":false},"author":3,"featured_media":1094,"comment_status":"open","ping_status":"open","sticky":false,"template":"","format":"standard","meta":{"_jetpack_memberships_contains_paid_content":false,"footnotes":"","jetpack_publicize_message":"","jetpack_publicize_feature_enabled":true,"jetpack_social_post_already_shared":true,"jetpack_social_options":{"image_generator_settings":{"template":"highway","enabled":false}}},"categories":[7],"tags":[],"jetpack_publicize_connections":[],"jetpack_featured_media_url":"https:\/\/enteculturalsantafesino.com.ar\/usina5\/wp-content\/uploads\/2015\/02\/unnamed.jpg","jetpack_sharing_enabled":true,"_links":{"self":[{"href":"https:\/\/enteculturalsantafesino.com.ar\/usina5\/wp-json\/wp\/v2\/posts\/1096"}],"collection":[{"href":"https:\/\/enteculturalsantafesino.com.ar\/usina5\/wp-json\/wp\/v2\/posts"}],"about":[{"href":"https:\/\/enteculturalsantafesino.com.ar\/usina5\/wp-json\/wp\/v2\/types\/post"}],"author":[{"embeddable":true,"href":"https:\/\/enteculturalsantafesino.com.ar\/usina5\/wp-json\/wp\/v2\/users\/3"}],"replies":[{"embeddable":true,"href":"https:\/\/enteculturalsantafesino.com.ar\/usina5\/wp-json\/wp\/v2\/comments?post=1096"}],"version-history":[{"count":0,"href":"https:\/\/enteculturalsantafesino.com.ar\/usina5\/wp-json\/wp\/v2\/posts\/1096\/revisions"}],"wp:featuredmedia":[{"embeddable":true,"href":"https:\/\/enteculturalsantafesino.com.ar\/usina5\/wp-json\/wp\/v2\/media\/1094"}],"wp:attachment":[{"href":"https:\/\/enteculturalsantafesino.com.ar\/usina5\/wp-json\/wp\/v2\/media?parent=1096"}],"wp:term":[{"taxonomy":"category","embeddable":true,"href":"https:\/\/enteculturalsantafesino.com.ar\/usina5\/wp-json\/wp\/v2\/categories?post=1096"},{"taxonomy":"post_tag","embeddable":true,"href":"https:\/\/enteculturalsantafesino.com.ar\/usina5\/wp-json\/wp\/v2\/tags?post=1096"}],"curies":[{"name":"wp","href":"https:\/\/api.w.org\/{rel}","templated":true}]}}