{"id":1274,"date":"2015-04-24T15:53:07","date_gmt":"2015-04-24T15:53:07","guid":{"rendered":"http:\/\/entecultura.com.ar\/usina5\/?p=1274"},"modified":"2015-04-24T15:53:07","modified_gmt":"2015-04-24T15:53:07","slug":"ceres-el-secretario-de-gobierno-y-cultura-se-reunio-con-artesanos","status":"publish","type":"post","link":"https:\/\/enteculturalsantafesino.com.ar\/usina5\/2015\/04\/ceres-el-secretario-de-gobierno-y-cultura-se-reunio-con-artesanos\/","title":{"rendered":"Ceres: El Secretario de Gobierno y Cultura se reuni\u00f3 con Artesanos"},"content":{"rendered":"<p>El Secretario de Gobierno y Cultura Ernesto Paul\u00f3n, comento que en<a href=\"http:\/\/enteculturalsantafesino.com.ar\/usina5\/wp-content\/uploads\/2015\/04\/11127670_817385338309302_5782389542342537020_n.jpg\" rel=\"lightbox[1274]\"><img loading=\"lazy\" decoding=\"async\" class=\" size-medium wp-image-1275 alignright\" src=\"http:\/\/enteculturalsantafesino.com.ar\/usina5\/wp-content\/uploads\/2015\/04\/11127670_817385338309302_5782389542342537020_n-300x200.jpg\" alt=\"11127670_817385338309302_5782389542342537020_n\" width=\"300\" height=\"200\" srcset=\"https:\/\/enteculturalsantafesino.com.ar\/usina5\/wp-content\/uploads\/2015\/04\/11127670_817385338309302_5782389542342537020_n-300x200.jpg 300w, https:\/\/enteculturalsantafesino.com.ar\/usina5\/wp-content\/uploads\/2015\/04\/11127670_817385338309302_5782389542342537020_n.jpg 960w\" sizes=\"(max-width: 300px) 100vw, 300px\" \/><\/a><\/p>\n<p>la noche de ayer se reuni\u00f3 con el grupo de artesanos para diagramar la exposici\u00f3n del 1 M Fiesta Campera.<br \/>\nPaul\u00f3n explico que se ubicara en el estacionamiento del Municipio donde exhibir\u00e1n todas sus artesan\u00edas. Un numero destacado de artesanos de Ceres y la regi\u00f3n se agrupan, con el objetivo de mostrar sus creaciones que podr\u00e1n ser comercializadas.<br \/>\nEl<span class=\"text_exposed_show\"> Secretario hizo referencia al crecimiento que esta actividad esta teniendo en nuestra ciudad, ya que no es solo recreativa sino adem\u00e1s una salida laboral, donde desde el Municipio se les brinda todo lo necesario para apoyarlos en este desarrollo.<br \/>\nEl inicio de la Fiesta Campera esta diagramado para las 9.30 hs del 1 de mayo, comenzando con el himno nacional instrumental, seguidamente el desfile de las agrupaciones gauchas por Av. Italia, continuando en el predio del centenario donde se realizaran destrezas criollas para finalizar este gran evento con la presentaci\u00f3n de una amplia cartelera de grupos musicales desde las 18.30 hs.<br \/>\nHabr\u00e1 servicio de buffet, y como cada uno de los eventos populares que se llevan a cabo desde el Gobierno de Busquets, la entrada es libre y gratuita.<\/span><\/p>\n","protected":false},"excerpt":{"rendered":"<p>El Secretario de Gobierno y Cultura Ernesto Paul\u00f3n, comento que en la noche de ayer se reuni\u00f3 [&hellip;]<\/p>\n","protected":false},"author":3,"featured_media":1275,"comment_status":"open","ping_status":"open","sticky":false,"template":"","format":"standard","meta":{"_jetpack_memberships_contains_paid_content":false,"footnotes":"","jetpack_publicize_message":"","jetpack_publicize_feature_enabled":true,"jetpack_social_post_already_shared":false,"jetpack_social_options":{"image_generator_settings":{"template":"highway","enabled":false}}},"categories":[7],"tags":[],"jetpack_publicize_connections":[],"jetpack_featured_media_url":"https:\/\/enteculturalsantafesino.com.ar\/usina5\/wp-content\/uploads\/2015\/04\/11127670_817385338309302_5782389542342537020_n.jpg","jetpack_sharing_enabled":true,"_links":{"self":[{"href":"https:\/\/enteculturalsantafesino.com.ar\/usina5\/wp-json\/wp\/v2\/posts\/1274"}],"collection":[{"href":"https:\/\/enteculturalsantafesino.com.ar\/usina5\/wp-json\/wp\/v2\/posts"}],"about":[{"href":"https:\/\/enteculturalsantafesino.com.ar\/usina5\/wp-json\/wp\/v2\/types\/post"}],"author":[{"embeddable":true,"href":"https:\/\/enteculturalsantafesino.com.ar\/usina5\/wp-json\/wp\/v2\/users\/3"}],"replies":[{"embeddable":true,"href":"https:\/\/enteculturalsantafesino.com.ar\/usina5\/wp-json\/wp\/v2\/comments?post=1274"}],"version-history":[{"count":0,"href":"https:\/\/enteculturalsantafesino.com.ar\/usina5\/wp-json\/wp\/v2\/posts\/1274\/revisions"}],"wp:featuredmedia":[{"embeddable":true,"href":"https:\/\/enteculturalsantafesino.com.ar\/usina5\/wp-json\/wp\/v2\/media\/1275"}],"wp:attachment":[{"href":"https:\/\/enteculturalsantafesino.com.ar\/usina5\/wp-json\/wp\/v2\/media?parent=1274"}],"wp:term":[{"taxonomy":"category","embeddable":true,"href":"https:\/\/enteculturalsantafesino.com.ar\/usina5\/wp-json\/wp\/v2\/categories?post=1274"},{"taxonomy":"post_tag","embeddable":true,"href":"https:\/\/enteculturalsantafesino.com.ar\/usina5\/wp-json\/wp\/v2\/tags?post=1274"}],"curies":[{"name":"wp","href":"https:\/\/api.w.org\/{rel}","templated":true}]}}