{"id":1304,"date":"2015-05-06T23:29:18","date_gmt":"2015-05-06T23:29:18","guid":{"rendered":"http:\/\/entecultura.com.ar\/usina5\/?p=1304"},"modified":"2015-05-06T23:31:37","modified_gmt":"2015-05-06T23:31:37","slug":"el-ente-cultural-santafesino-presento-el-plan-anual-2015-en-san-guillermo","status":"publish","type":"post","link":"https:\/\/enteculturalsantafesino.com.ar\/usina5\/2015\/05\/el-ente-cultural-santafesino-presento-el-plan-anual-2015-en-san-guillermo\/","title":{"rendered":"El Ente Cultural Santafesino present\u00f3 el Plan Anual 2015 en San Guillermo"},"content":{"rendered":"<p>Durante la jornada del <strong>Martes 5\u00a0<\/strong>en las instalaciones de\u00a0<strong>Centro Cultural\u00a0<a href=\"http:\/\/enteculturalsantafesino.com.ar\/usina5\/wp-content\/uploads\/2015\/05\/DSC_0160-Copy-e1430954633490.jpg\" rel=\"lightbox[1304]\"><img loading=\"lazy\" decoding=\"async\" class=\" size-medium wp-image-1333 alignright\" src=\"http:\/\/enteculturalsantafesino.com.ar\/usina5\/wp-content\/uploads\/2015\/05\/DSC_0160-Copy-e1430954633490-300x190.jpg\" alt=\"DSC_0160 (Copy)\" width=\"300\" height=\"190\" srcset=\"https:\/\/enteculturalsantafesino.com.ar\/usina5\/wp-content\/uploads\/2015\/05\/DSC_0160-Copy-e1430954633490-300x190.jpg 300w, https:\/\/enteculturalsantafesino.com.ar\/usina5\/wp-content\/uploads\/2015\/05\/DSC_0160-Copy-e1430954633490-1024x647.jpg 1024w, https:\/\/enteculturalsantafesino.com.ar\/usina5\/wp-content\/uploads\/2015\/05\/DSC_0160-Copy-e1430954633490.jpg 1200w\" sizes=\"(max-width: 300px) 100vw, 300px\" \/><\/a> <\/strong><\/p>\n<p><strong>de San Guillermo<\/strong>\u00a0\u00a0se present\u00f3 el <strong>\u00abPlan Anual 2015\u00bb-<\/strong>\u00a0<b>Usina Cultural V del Ente Cultural Santafesino<\/b>.<\/p>\n<p>En dicho encuentro, se detallaron los objetivos y fundamentos trazados por este espacio, exponiendo losd distintos progrmas, proyectos y gestiones del corriente a\u00f1o que articula a las diversas Usinas Culturales integradas por pueblos y ciudades de la provincia de Santa Fe.<\/p>\n<p>Participaron del evento la <i>Diputada Nacional Lic. Claudia Giaccone, el Presidente Comunal Daniel Martina, el Presidente Comunal de Monte Oscuridad Daniel Martina, el\u00a0Secretario de Cultura local Sr. Miguel Sterren , el <a href=\"http:\/\/enteculturalsantafesino.com.ar\/usina5\/wp-content\/uploads\/2015\/05\/DSC_0143-Copy-e1430954856935.jpg\" rel=\"lightbox[1304]\"><img loading=\"lazy\" decoding=\"async\" class=\" size-medium wp-image-1331 alignright\" src=\"http:\/\/enteculturalsantafesino.com.ar\/usina5\/wp-content\/uploads\/2015\/05\/DSC_0143-Copy-e1430954856935-300x187.jpg\" alt=\"DSC_0143 (Copy)\" width=\"300\" height=\"187\" srcset=\"https:\/\/enteculturalsantafesino.com.ar\/usina5\/wp-content\/uploads\/2015\/05\/DSC_0143-Copy-e1430954856935-300x187.jpg 300w, https:\/\/enteculturalsantafesino.com.ar\/usina5\/wp-content\/uploads\/2015\/05\/DSC_0143-Copy-e1430954856935-1024x637.jpg 1024w, https:\/\/enteculturalsantafesino.com.ar\/usina5\/wp-content\/uploads\/2015\/05\/DSC_0143-Copy-e1430954856935.jpg 1200w\" sizes=\"(max-width: 300px) 100vw, 300px\" \/><\/a>Secretario de Cultura de Suardi Sr. Nicol\u00e1s Negri, Integrantes de la Comisi\u00f3n de Cultura de Ambrosetti, Presidente del Ente Cultural Lic. Leonardo Carrozza, instituciones y entidades culturales locales junto a<\/i>\u00a0Referentes Culturales de comunidades del Depto. San Cristobal<i>.<\/i><\/p>\n<p>La apertura estuvo a cargo de la <strong>Banda Comunal de San Guillermo.<\/strong><\/p>\n<p>El <b>Presidente Comunal Daniel Martina\u00a0<\/b>agradeci\u00f3 y\u00a0dio\u00a0la bienvenida a todos los presentes resaltando que en\u00a0<em>\u00abSan Guillermo se transpira cultura en cada rinc\u00f3n de la comunidad\u00bb.\u00a0Entregando\u00a0como obsequio la obra literaria del\u00a0Secretario de Cultura local Miguel Sterren titulada: \u00abTiempo de Siembra, Tiempo de Trilla\u00bb<a href=\"http:\/\/enteculturalsantafesino.com.ar\/usina5\/wp-content\/uploads\/2015\/05\/DSC_0155-Copy-e1430954886621.jpg\" rel=\"lightbox[1304]\"><img loading=\"lazy\" decoding=\"async\" class=\" size-medium wp-image-1332 alignright\" src=\"http:\/\/enteculturalsantafesino.com.ar\/usina5\/wp-content\/uploads\/2015\/05\/DSC_0155-Copy-e1430954886621-300x186.jpg\" alt=\"DSC_0155 (Copy)\" width=\"300\" height=\"186\" srcset=\"https:\/\/enteculturalsantafesino.com.ar\/usina5\/wp-content\/uploads\/2015\/05\/DSC_0155-Copy-e1430954886621-300x186.jpg 300w, https:\/\/enteculturalsantafesino.com.ar\/usina5\/wp-content\/uploads\/2015\/05\/DSC_0155-Copy-e1430954886621-1024x636.jpg 1024w, https:\/\/enteculturalsantafesino.com.ar\/usina5\/wp-content\/uploads\/2015\/05\/DSC_0155-Copy-e1430954886621.jpg 1200w\" sizes=\"(max-width: 300px) 100vw, 300px\" \/><\/a><\/em><\/p>\n<p><b>Lic. Leonardo Carrozza- Presidente del Ente: <\/b>repaso los inicios del ente Cultural santafesino y resalt\u00f3 en sus palabras \u00a0que<em> \u00absomos pueblos peque\u00f1os que debemos defendernos entre nosotros\u201d .\u00bbLa cultura no debe tener color pol\u00edtico y debemos seguir gestionando en forma permanente buscando y comprometi\u00e9ndonos a promover a\u00a0nuestros\u00a0artistas, \u00a0porque este espacio lo permite, incrementado esta\u00a0cadena de favores que resalta a los valores m\u00e1s\u00a0integros \u00a0del cooperativimo cultural<\/em><\/p>\n<p><b>Diputada Nacional Claudia Giaccone<\/b>: Agradeci\u00f3 y felicito por las instalaciones del Centro Cultural remarcando que <em>\u00ablas obras, ahora, son proyectadas para la Cultura\u00bb. \u00abLa Cultura es alimento del esp\u00edritu y del alma siendo una permanente\u00a0construcci\u00f3n que se hace entre todos ya que este Ente Cultural no tiene due\u00f1os\u00bb \u00abSigamos construyendo sue\u00f1os fortaleciendo a nuestros Secretarios de Cultura para seguir sembrando \u00abPol\u00edtica cultural\u00bb como agenda cotidiana en cada rinc\u00f3n de nuestro territorio provincial\u00bb<a href=\"http:\/\/enteculturalsantafesino.com.ar\/usina5\/wp-content\/uploads\/2015\/05\/DSC_0180-Copy-e1430954906470.jpg\" rel=\"lightbox[1304]\"><img loading=\"lazy\" decoding=\"async\" class=\" size-medium wp-image-1334 alignright\" src=\"http:\/\/enteculturalsantafesino.com.ar\/usina5\/wp-content\/uploads\/2015\/05\/DSC_0180-Copy-e1430954906470-300x185.jpg\" alt=\"DSC_0180 (Copy)\" width=\"300\" height=\"185\" srcset=\"https:\/\/enteculturalsantafesino.com.ar\/usina5\/wp-content\/uploads\/2015\/05\/DSC_0180-Copy-e1430954906470-300x185.jpg 300w, https:\/\/enteculturalsantafesino.com.ar\/usina5\/wp-content\/uploads\/2015\/05\/DSC_0180-Copy-e1430954906470-1024x632.jpg 1024w, https:\/\/enteculturalsantafesino.com.ar\/usina5\/wp-content\/uploads\/2015\/05\/DSC_0180-Copy-e1430954906470.jpg 1200w\" sizes=\"(max-width: 300px) 100vw, 300px\" \/><\/a><\/em><\/p>\n<p>A continuaci\u00f3n, el<strong> Prof. Fernando\u00a0 Banegas<\/strong> present\u00f3 cada uno de los Programas que abarca al Ente y el Plan Anual destinado para el a\u00f1o 2015, confirmando importantes talleres, seminarios y muestras que recorrer\u00e1n las diversas Usinas Culturales.<\/p>\n","protected":false},"excerpt":{"rendered":"<p>Durante la jornada del Martes 5\u00a0en las instalaciones de\u00a0Centro Cultural\u00a0 de San Guillermo\u00a0\u00a0se present\u00f3 el \u00abPlan Anual [&hellip;]<\/p>\n","protected":false},"author":3,"featured_media":1334,"comment_status":"open","ping_status":"open","sticky":false,"template":"","format":"standard","meta":{"_jetpack_memberships_contains_paid_content":false,"footnotes":"","jetpack_publicize_message":"","jetpack_publicize_feature_enabled":true,"jetpack_social_post_already_shared":false,"jetpack_social_options":{"image_generator_settings":{"template":"highway","enabled":false}}},"categories":[6,10],"tags":[],"jetpack_publicize_connections":[],"jetpack_featured_media_url":"https:\/\/enteculturalsantafesino.com.ar\/usina5\/wp-content\/uploads\/2015\/05\/DSC_0180-Copy-e1430954906470.jpg","jetpack_sharing_enabled":true,"_links":{"self":[{"href":"https:\/\/enteculturalsantafesino.com.ar\/usina5\/wp-json\/wp\/v2\/posts\/1304"}],"collection":[{"href":"https:\/\/enteculturalsantafesino.com.ar\/usina5\/wp-json\/wp\/v2\/posts"}],"about":[{"href":"https:\/\/enteculturalsantafesino.com.ar\/usina5\/wp-json\/wp\/v2\/types\/post"}],"author":[{"embeddable":true,"href":"https:\/\/enteculturalsantafesino.com.ar\/usina5\/wp-json\/wp\/v2\/users\/3"}],"replies":[{"embeddable":true,"href":"https:\/\/enteculturalsantafesino.com.ar\/usina5\/wp-json\/wp\/v2\/comments?post=1304"}],"version-history":[{"count":0,"href":"https:\/\/enteculturalsantafesino.com.ar\/usina5\/wp-json\/wp\/v2\/posts\/1304\/revisions"}],"wp:featuredmedia":[{"embeddable":true,"href":"https:\/\/enteculturalsantafesino.com.ar\/usina5\/wp-json\/wp\/v2\/media\/1334"}],"wp:attachment":[{"href":"https:\/\/enteculturalsantafesino.com.ar\/usina5\/wp-json\/wp\/v2\/media?parent=1304"}],"wp:term":[{"taxonomy":"category","embeddable":true,"href":"https:\/\/enteculturalsantafesino.com.ar\/usina5\/wp-json\/wp\/v2\/categories?post=1304"},{"taxonomy":"post_tag","embeddable":true,"href":"https:\/\/enteculturalsantafesino.com.ar\/usina5\/wp-json\/wp\/v2\/tags?post=1304"}],"curies":[{"name":"wp","href":"https:\/\/api.w.org\/{rel}","templated":true}]}}