{"id":1328,"date":"2015-05-06T23:05:07","date_gmt":"2015-05-06T23:05:07","guid":{"rendered":"http:\/\/entecultura.com.ar\/usina5\/?p=1328"},"modified":"2015-05-07T16:32:28","modified_gmt":"2015-05-07T16:32:28","slug":"el-ente-cultural-santafesino-visito-ambrosetti","status":"publish","type":"post","link":"https:\/\/enteculturalsantafesino.com.ar\/usina5\/2015\/05\/el-ente-cultural-santafesino-visito-ambrosetti\/","title":{"rendered":"El Ente Cultural Santafesino visit\u00f3 Ambrosetti"},"content":{"rendered":"<p>El <strong>Presidente Comunal Omar Sterren <\/strong>e integrantes de la\u00a0<a href=\"http:\/\/enteculturalsantafesino.com.ar\/usina5\/wp-content\/uploads\/2015\/05\/DSC_0117-Copy-e1430953468350.jpg\" rel=\"lightbox[1328]\"><img loading=\"lazy\" decoding=\"async\" class=\" size-medium wp-image-1329 alignright\" src=\"http:\/\/enteculturalsantafesino.com.ar\/usina5\/wp-content\/uploads\/2015\/05\/DSC_0117-Copy-e1430953468350-300x192.jpg\" alt=\"DSC_0117 (Copy)\" width=\"300\" height=\"192\" srcset=\"https:\/\/enteculturalsantafesino.com.ar\/usina5\/wp-content\/uploads\/2015\/05\/DSC_0117-Copy-e1430953468350-300x192.jpg 300w, https:\/\/enteculturalsantafesino.com.ar\/usina5\/wp-content\/uploads\/2015\/05\/DSC_0117-Copy-e1430953468350-1024x656.jpg 1024w, https:\/\/enteculturalsantafesino.com.ar\/usina5\/wp-content\/uploads\/2015\/05\/DSC_0117-Copy-e1430953468350.jpg 1200w\" sizes=\"(max-width: 300px) 100vw, 300px\" \/><\/a><\/p>\n<p><strong> Comisi\u00f3n de Cultura local<\/strong><span style=\"line-height: 1.5;\">, recibieron durante la tarde del \u00faltimo martes 5\u00a0a la <\/span><strong style=\"line-height: 1.5;\">Dip. Nacional Claudia Giaccone,<\/strong><span style=\"line-height: 1.5;\">\u00a0al <\/span><strong style=\"line-height: 1.5;\">Lic. Leonardo Carroza, Presidente del Ente Cultural Santafesino <\/strong>y al<strong style=\"line-height: 1.5;\"> Secretario de Gobierno y Cultura de Ceres Sr. Ernesto Paul\u00f3n.\u00a0<\/strong><strong style=\"line-height: 1.5;\">Sterren<\/strong>\u00a0 agradeci\u00f3 la visita y apoyo constante\u00a0que origina desde este espacio cultural provincial. \u00a0El <strong>Lic. Carroza-Presidente del ECS,<\/strong>\u00a0manifest\u00f3 que las actividades de este 2015 son cada vez mejor, buscando cumplir el sue\u00f1o de los artistas, sum\u00e1ndose m\u00e1s pueblos y ciudades. A su vez, expreso que el objetivo de estar presentes en las diferentes usinas es para que la gente sepa que hay un espacio\u00a0que promueve programas originados desde el interior santafesino.\u00a0La visita a la comunidad perteneciente al Depto San Crist\u00f3bal cont\u00f3 con una entrevista en FM 88.1<\/p>\n<div class=\"_li\">\n<div id=\"globalContainer\" class=\"uiContextualLayerParent\">\n<div id=\"content\" class=\"fb_content clearfix \">\n<div id=\"mainContainer\">\n<div id=\"contentCol\" class=\"clearfix hasRightCol\">\n<div id=\"contentArea\">\n<div id=\"pagelet_timeline_main_column\" class=\"_5h60\" data-gt=\"{&quot;profile_owner&quot;:&quot;625480590833112&quot;,&quot;ref&quot;:&quot;timeline:timeline&quot;}\" data-referrer=\"pagelet_timeline_main_column\">\n<div id=\"PagesTimelineTabController_625480590833112\" data-referrer=\"PagesTimelineTabController_625480590833112\">\n<div class=\"_5ay5\">\n<div class=\"_5onm\">\n<div class=\"clearfix\">\n<div class=\"_4bl7 _4mb8\">\n<div id=\"PagePostsPagelet_625480590833112\" data-referrer=\"PagePostsPagelet_625480590833112\">\n<div class=\"_5ay5\">\n<div id=\"PagePostsSectionPagelet-625480590833112-0\" data-referrer=\"PagePostsSectionPagelet-625480590833112-0\">\n<div class=\"_1k4h _5ay5\">\n<div class=\"_5sem\">\n<div id=\"u_ps_0_0_0\" class=\"_4-u2 mbm _5jmm _5pat _5v3q _4-u8\" data-ft=\"{&quot;top_level_post_id&quot;:&quot;821536234560879&quot;,&quot;fbfeed_location&quot;:36}\" data-time=\"1430844474\">\n<div class=\"userContentWrapper _5pcr _3ccb\" data-gt=\"{&quot;type&quot;:&quot;click2canvas&quot;,&quot;fbstory&quot;:&quot;S:_I625480590833112:821536234560879:0&quot;,&quot;fbsource&quot;:703,&quot;ref&quot;:&quot;nf_generic&quot;}\">\n<div class=\"_5pbx userContent\" data-ft=\"{&quot;tn&quot;:&quot;K&quot;}\">\n<div id=\"id_55490fa7227e72b02518142\" class=\"text_exposed_root text_exposed\">\n<p>&nbsp;<\/p>\n<\/div>\n<\/div>\n<\/div>\n<\/div>\n<\/div>\n<\/div>\n<\/div>\n<\/div>\n<\/div>\n<\/div>\n<\/div>\n<\/div>\n<\/div>\n<\/div>\n<\/div>\n<\/div>\n<\/div>\n<\/div>\n<\/div>\n<\/div>\n<\/div>\n","protected":false},"excerpt":{"rendered":"<p>El Presidente Comunal Omar Sterren e integrantes de la\u00a0 Comisi\u00f3n de Cultura local, recibieron durante la tarde [&hellip;]<\/p>\n","protected":false},"author":3,"featured_media":1329,"comment_status":"open","ping_status":"open","sticky":false,"template":"","format":"standard","meta":{"_jetpack_memberships_contains_paid_content":false,"footnotes":"","jetpack_publicize_message":"","jetpack_publicize_feature_enabled":true,"jetpack_social_post_already_shared":false,"jetpack_social_options":{"image_generator_settings":{"template":"highway","enabled":false}}},"categories":[8],"tags":[],"jetpack_publicize_connections":[],"jetpack_featured_media_url":"https:\/\/enteculturalsantafesino.com.ar\/usina5\/wp-content\/uploads\/2015\/05\/DSC_0117-Copy-e1430953468350.jpg","jetpack_sharing_enabled":true,"_links":{"self":[{"href":"https:\/\/enteculturalsantafesino.com.ar\/usina5\/wp-json\/wp\/v2\/posts\/1328"}],"collection":[{"href":"https:\/\/enteculturalsantafesino.com.ar\/usina5\/wp-json\/wp\/v2\/posts"}],"about":[{"href":"https:\/\/enteculturalsantafesino.com.ar\/usina5\/wp-json\/wp\/v2\/types\/post"}],"author":[{"embeddable":true,"href":"https:\/\/enteculturalsantafesino.com.ar\/usina5\/wp-json\/wp\/v2\/users\/3"}],"replies":[{"embeddable":true,"href":"https:\/\/enteculturalsantafesino.com.ar\/usina5\/wp-json\/wp\/v2\/comments?post=1328"}],"version-history":[{"count":0,"href":"https:\/\/enteculturalsantafesino.com.ar\/usina5\/wp-json\/wp\/v2\/posts\/1328\/revisions"}],"wp:featuredmedia":[{"embeddable":true,"href":"https:\/\/enteculturalsantafesino.com.ar\/usina5\/wp-json\/wp\/v2\/media\/1329"}],"wp:attachment":[{"href":"https:\/\/enteculturalsantafesino.com.ar\/usina5\/wp-json\/wp\/v2\/media?parent=1328"}],"wp:term":[{"taxonomy":"category","embeddable":true,"href":"https:\/\/enteculturalsantafesino.com.ar\/usina5\/wp-json\/wp\/v2\/categories?post=1328"},{"taxonomy":"post_tag","embeddable":true,"href":"https:\/\/enteculturalsantafesino.com.ar\/usina5\/wp-json\/wp\/v2\/tags?post=1328"}],"curies":[{"name":"wp","href":"https:\/\/api.w.org\/{rel}","templated":true}]}}