{"id":1682,"date":"2015-08-20T00:28:18","date_gmt":"2015-08-20T00:28:18","guid":{"rendered":"http:\/\/entecultura.com.ar\/usina5\/?p=1682"},"modified":"2015-08-20T00:38:28","modified_gmt":"2015-08-20T00:38:28","slug":"cierre-muestra-forma-y-color-2015-en-arrufo","status":"publish","type":"post","link":"https:\/\/enteculturalsantafesino.com.ar\/usina5\/2015\/08\/cierre-muestra-forma-y-color-2015-en-arrufo\/","title":{"rendered":"Cierre Muestra \u00abForma y Color 2015\u00bb en Arruf\u00f3"},"content":{"rendered":"\n\t\t<style type=\"text\/css\">\n\t\t\t#gallery-1 {\n\t\t\t\tmargin: auto;\n\t\t\t}\n\t\t\t#gallery-1 .gallery-item {\n\t\t\t\tfloat: left;\n\t\t\t\tmargin-top: 10px;\n\t\t\t\ttext-align: center;\n\t\t\t\twidth: 33%;\n\t\t\t}\n\t\t\t#gallery-1 img {\n\t\t\t\tborder: 2px solid #cfcfcf;\n\t\t\t}\n\t\t\t#gallery-1 .gallery-caption {\n\t\t\t\tmargin-left: 0;\n\t\t\t}\n\t\t\t\/* see gallery_shortcode() in wp-includes\/media.php *\/\n\t\t<\/style>\n\t\t<div id='gallery-1' class='gallery galleryid-1682 gallery-columns-3 gallery-size-thumbnail'><dl class='gallery-item'>\n\t\t\t<dt class='gallery-icon landscape'>\n\t\t\t\t<a href='https:\/\/enteculturalsantafesino.com.ar\/usina5\/2015\/08\/cierre-muestra-forma-y-color-2015-en-arrufo\/11880284_10207489285136623_1038240653_n\/'><img loading=\"lazy\" decoding=\"async\" width=\"150\" height=\"150\" src=\"https:\/\/enteculturalsantafesino.com.ar\/usina5\/wp-content\/uploads\/2015\/08\/11880284_10207489285136623_1038240653_n-150x150.jpg\" class=\"attachment-thumbnail size-thumbnail\" alt=\"\" srcset=\"https:\/\/enteculturalsantafesino.com.ar\/usina5\/wp-content\/uploads\/2015\/08\/11880284_10207489285136623_1038240653_n-150x150.jpg 150w, https:\/\/enteculturalsantafesino.com.ar\/usina5\/wp-content\/uploads\/2015\/08\/11880284_10207489285136623_1038240653_n-53x53.jpg 53w\" sizes=\"(max-width: 150px) 100vw, 150px\" \/><\/a>\n\t\t\t<\/dt><\/dl><dl class='gallery-item'>\n\t\t\t<dt class='gallery-icon landscape'>\n\t\t\t\t<a href='https:\/\/enteculturalsantafesino.com.ar\/usina5\/2015\/08\/cierre-muestra-forma-y-color-2015-en-arrufo\/11121240_10207489284336603_1696113574_n\/'><img loading=\"lazy\" decoding=\"async\" width=\"150\" height=\"150\" src=\"https:\/\/enteculturalsantafesino.com.ar\/usina5\/wp-content\/uploads\/2015\/08\/11121240_10207489284336603_1696113574_n-150x150.jpg\" class=\"attachment-thumbnail size-thumbnail\" alt=\"\" srcset=\"https:\/\/enteculturalsantafesino.com.ar\/usina5\/wp-content\/uploads\/2015\/08\/11121240_10207489284336603_1696113574_n-150x150.jpg 150w, https:\/\/enteculturalsantafesino.com.ar\/usina5\/wp-content\/uploads\/2015\/08\/11121240_10207489284336603_1696113574_n-53x53.jpg 53w\" sizes=\"(max-width: 150px) 100vw, 150px\" \/><\/a>\n\t\t\t<\/dt><\/dl><dl class='gallery-item'>\n\t\t\t<dt class='gallery-icon landscape'>\n\t\t\t\t<a href='https:\/\/enteculturalsantafesino.com.ar\/usina5\/2015\/08\/cierre-muestra-forma-y-color-2015-en-arrufo\/face\/'><img loading=\"lazy\" decoding=\"async\" width=\"150\" height=\"150\" src=\"https:\/\/enteculturalsantafesino.com.ar\/usina5\/wp-content\/uploads\/2015\/08\/face-150x150.jpg\" class=\"attachment-thumbnail size-thumbnail\" alt=\"\" srcset=\"https:\/\/enteculturalsantafesino.com.ar\/usina5\/wp-content\/uploads\/2015\/08\/face-150x150.jpg 150w, https:\/\/enteculturalsantafesino.com.ar\/usina5\/wp-content\/uploads\/2015\/08\/face-53x53.jpg 53w\" sizes=\"(max-width: 150px) 100vw, 150px\" \/><\/a>\n\t\t\t<\/dt><\/dl><br style=\"clear: both\" \/>\n\t\t<\/div>\n\n<p>El d\u00eda<strong> Martes 18 de agosto<\/strong> finaliz\u00f3 la Muestra del Programa: <strong>\u00abForma y Color 2015\u00bb Galer\u00eda de Arte `Guillermina Milocco\u00b4<\/strong> que se exhibi\u00f3 en el <strong>Sal\u00f3n Cultural de la Comuna de Arruf\u00f3.<\/strong><\/p>\n<p><span style=\"color: #141823; font-family: helvetica, arial, sans-serif;\">Con la visita de alumnos y docentes de las Escuelas de Arruf\u00f3, <strong>Jard\u00edn Comunal \u00abPulgarcito\u00bb, Escuela Primaria N\u00b0 514, Escuela Secundaria N\u00b0 245<\/strong>. <\/span><\/p>\n<p><span style=\"color: #141823; font-family: helvetica, arial, sans-serif;\">Se dio fin a \u00e9sta muestra que con \u00e9xito present\u00f3 la <strong>Comisi\u00f3n Comunal de Cultura<\/strong>\u00a0a trav\u00e9s\u00a0del <strong>Ente Cultural Santafesino<\/strong>.<\/span><\/p>\n<p><em><span style=\"color: #141823; font-family: helvetica, arial, sans-serif;\"> La Comisi\u00f3n agradece a todos quienes\u00a0visitaron la Muestra y a quienes hicieron posible recibirla en nuestra localidad.<\/span><\/em><\/p>\n<p>El Programa Cultural denominado <strong>\u201cForma y Color 2015\u2033<\/strong> posee como finalidad organizar m\u00faltiples y diversas muestras de Artistas Pl\u00e1sticos, los cuales expondr\u00e1n sus trabajos en las diversas jornadas programadas dentro de las Usinas Culturales y de la Galer\u00eda Virtual dentro del sitio oficial, originando un espacio de interacci\u00f3n entre distintas personalidades (artistas), t\u00e9cnicas, y habitantes de nuestra regi\u00f3n.<\/p>\n<p><strong>Sumate a la Ruta Cultural www.enteculturalsantafesino.com.ar<\/strong><\/p>\n","protected":false},"excerpt":{"rendered":"<p>El d\u00eda Martes 18 de agosto finaliz\u00f3 la Muestra del Programa: \u00abForma y Color 2015\u00bb Galer\u00eda de [&hellip;]<\/p>\n","protected":false},"author":3,"featured_media":1685,"comment_status":"open","ping_status":"open","sticky":false,"template":"","format":"standard","meta":{"_jetpack_memberships_contains_paid_content":false,"footnotes":"","jetpack_publicize_message":"","jetpack_publicize_feature_enabled":true,"jetpack_social_post_already_shared":true,"jetpack_social_options":{"image_generator_settings":{"template":"highway","enabled":false}}},"categories":[4,6],"tags":[],"jetpack_publicize_connections":[],"jetpack_featured_media_url":"https:\/\/enteculturalsantafesino.com.ar\/usina5\/wp-content\/uploads\/2015\/08\/face.jpg","jetpack_sharing_enabled":true,"_links":{"self":[{"href":"https:\/\/enteculturalsantafesino.com.ar\/usina5\/wp-json\/wp\/v2\/posts\/1682"}],"collection":[{"href":"https:\/\/enteculturalsantafesino.com.ar\/usina5\/wp-json\/wp\/v2\/posts"}],"about":[{"href":"https:\/\/enteculturalsantafesino.com.ar\/usina5\/wp-json\/wp\/v2\/types\/post"}],"author":[{"embeddable":true,"href":"https:\/\/enteculturalsantafesino.com.ar\/usina5\/wp-json\/wp\/v2\/users\/3"}],"replies":[{"embeddable":true,"href":"https:\/\/enteculturalsantafesino.com.ar\/usina5\/wp-json\/wp\/v2\/comments?post=1682"}],"version-history":[{"count":0,"href":"https:\/\/enteculturalsantafesino.com.ar\/usina5\/wp-json\/wp\/v2\/posts\/1682\/revisions"}],"wp:featuredmedia":[{"embeddable":true,"href":"https:\/\/enteculturalsantafesino.com.ar\/usina5\/wp-json\/wp\/v2\/media\/1685"}],"wp:attachment":[{"href":"https:\/\/enteculturalsantafesino.com.ar\/usina5\/wp-json\/wp\/v2\/media?parent=1682"}],"wp:term":[{"taxonomy":"category","embeddable":true,"href":"https:\/\/enteculturalsantafesino.com.ar\/usina5\/wp-json\/wp\/v2\/categories?post=1682"},{"taxonomy":"post_tag","embeddable":true,"href":"https:\/\/enteculturalsantafesino.com.ar\/usina5\/wp-json\/wp\/v2\/tags?post=1682"}],"curies":[{"name":"wp","href":"https:\/\/api.w.org\/{rel}","templated":true}]}}