{"id":2030,"date":"2015-11-05T10:52:11","date_gmt":"2015-11-05T10:52:11","guid":{"rendered":"http:\/\/entecultura.com.ar\/usina5\/?p=2030"},"modified":"2015-11-05T10:52:11","modified_gmt":"2015-11-05T10:52:11","slug":"san-guillermo-a-sala-llena-se-presento-el-taller-comunal-de-teatro","status":"publish","type":"post","link":"https:\/\/enteculturalsantafesino.com.ar\/usina5\/2015\/11\/san-guillermo-a-sala-llena-se-presento-el-taller-comunal-de-teatro\/","title":{"rendered":"San Guillermo: A sala llena se present\u00f3 el Taller Comunal de Teatro"},"content":{"rendered":"<p><span style=\"color: #373e4d; font-family: helvetica, arial, sans-serif;\">El <strong>Taller de Teatro Comunal<\/strong>, dirigido por Exequiel Maya, present\u00f3 la obra <strong>\u00ab<\/strong><\/span><strong>Q \u271d E \u271d P \u271d D<\/strong> (el difunto &amp; el humor)\u00bb a sala llena en el Centro Cultural. La primera de las funciones con acentuado \u00e9xito, en un mes cargado de teatro con diversas propuestas.<\/p>\n<p><em>Todos los Mi\u00e9rcoles del mes vigente, te esperamos para disfrutar en familia y junto a amigos.<\/em><\/p>\n<div><strong>Grupo I<\/strong>, presenta:<br \/>\nQ \u271d E \u271d P \u271d D (el difunto &amp; el humor). Coordinado por: Exequiel Maya.<br \/>\nAct\u00faan: Gloria Castillo, Gabriel Bonsegundo, Tatiana Hoyos, Germ\u00e1n Fagiano, Mirta Scaraf\u00eda, Sergio Inveraldi, Stella Maris Nari, Hern\u00e1n J. Oesquer, Tamara Castro y Myrian Perren. Presentaciones: mi\u00e9rcoles 4 y 18 de noviembre \/ 21 hs. \/ Centro Cultural de San Guillermo. Do\u00f1a Zulema acaba de enviudar y al velatorio de su marido concurren los personajes y las situaciones m\u00e1s disparatadas&#8230; \u00a1no faltes vos!<\/p>\n<div><span style=\"color: #141823; font-family: helvetica, arial, sans-serif;\">\u00a0<\/span><\/div>\n<div><span style=\"color: #141823; font-family: helvetica, arial, sans-serif;\"><strong>Taller de Teatro de San Guillermo &#8211; Grupo II<\/strong>, presenta:<\/span><\/p>\n<div>NI UN GESTO DE INDULGENCIA (versi\u00f3n libre de \u201cLa casa de Bernarda Alba\u201d)<br \/>\nCoordinado por:\u00a0Exequiel Maya.\u00a0Act\u00faan:\u00a0Silvia Kamaki\u00e1n\u00a0(Bernarda),\u00a0Vanesa Rodriguez\u00a0(Poncia),\u00a0Rochi Medina\u00a0(Adela), Carina Peralta (Martirio),\u00a0Mar\u00eda Soledad Ferr\u00e1\u00a0(Angustias),Tatiana Hoyos\u00a0(Amelia),\u00a0Daniela M. Sterren(Magdalena), Juanita Acosta (Mar\u00eda Josefa),\u00a0Gabriela Weiss\u00a0(Criada).<\/div>\n<div>\n<strong>Presentaciones: mi\u00e9rcoles 11 y 25 de noviembre \/ 21 hs. \/ Centro Cultural de San Guillermo.<\/strong><\/div>\n<\/div>\n<\/div>\n","protected":false},"excerpt":{"rendered":"<p>El Taller de Teatro Comunal, dirigido por Exequiel Maya, present\u00f3 la obra \u00abQ \u271d E \u271d P [&hellip;]<\/p>\n","protected":false},"author":3,"featured_media":2031,"comment_status":"open","ping_status":"open","sticky":false,"template":"","format":"standard","meta":{"_jetpack_memberships_contains_paid_content":false,"footnotes":"","jetpack_publicize_message":"","jetpack_publicize_feature_enabled":true,"jetpack_social_post_already_shared":true,"jetpack_social_options":{"image_generator_settings":{"template":"highway","enabled":false}}},"categories":[10],"tags":[],"jetpack_publicize_connections":[],"jetpack_featured_media_url":"https:\/\/enteculturalsantafesino.com.ar\/usina5\/wp-content\/uploads\/2015\/11\/unnamed-11.jpg","jetpack_sharing_enabled":true,"_links":{"self":[{"href":"https:\/\/enteculturalsantafesino.com.ar\/usina5\/wp-json\/wp\/v2\/posts\/2030"}],"collection":[{"href":"https:\/\/enteculturalsantafesino.com.ar\/usina5\/wp-json\/wp\/v2\/posts"}],"about":[{"href":"https:\/\/enteculturalsantafesino.com.ar\/usina5\/wp-json\/wp\/v2\/types\/post"}],"author":[{"embeddable":true,"href":"https:\/\/enteculturalsantafesino.com.ar\/usina5\/wp-json\/wp\/v2\/users\/3"}],"replies":[{"embeddable":true,"href":"https:\/\/enteculturalsantafesino.com.ar\/usina5\/wp-json\/wp\/v2\/comments?post=2030"}],"version-history":[{"count":0,"href":"https:\/\/enteculturalsantafesino.com.ar\/usina5\/wp-json\/wp\/v2\/posts\/2030\/revisions"}],"wp:featuredmedia":[{"embeddable":true,"href":"https:\/\/enteculturalsantafesino.com.ar\/usina5\/wp-json\/wp\/v2\/media\/2031"}],"wp:attachment":[{"href":"https:\/\/enteculturalsantafesino.com.ar\/usina5\/wp-json\/wp\/v2\/media?parent=2030"}],"wp:term":[{"taxonomy":"category","embeddable":true,"href":"https:\/\/enteculturalsantafesino.com.ar\/usina5\/wp-json\/wp\/v2\/categories?post=2030"},{"taxonomy":"post_tag","embeddable":true,"href":"https:\/\/enteculturalsantafesino.com.ar\/usina5\/wp-json\/wp\/v2\/tags?post=2030"}],"curies":[{"name":"wp","href":"https:\/\/api.w.org\/{rel}","templated":true}]}}