{"id":2034,"date":"2015-11-15T22:30:30","date_gmt":"2015-11-15T22:30:30","guid":{"rendered":"http:\/\/entecultura.com.ar\/usina5\/?p=2034"},"modified":"2015-11-15T22:30:30","modified_gmt":"2015-11-15T22:30:30","slug":"suardi-ya-se-viene-de-ronda-y-hace-que-la-cultura-se-mueva-2o-edicion","status":"publish","type":"post","link":"https:\/\/enteculturalsantafesino.com.ar\/usina5\/2015\/11\/suardi-ya-se-viene-de-ronda-y-hace-que-la-cultura-se-mueva-2o-edicion\/","title":{"rendered":"Suardi: Ya se viene \u201cDe Ronda\u201d (\u2026y hace que la cultura se mueva) 2\u00ba edici\u00f3n."},"content":{"rendered":"<p>\u201cDe Ronda\u201d, es organizada por Secretar\u00eda de Cultura y Educaci\u00f3n de la Comuna de Suardi y se plantea como la materializaci\u00f3n de lo desarrollado durante todo este a\u00f1o 2015 en los m\u00e1s de veinte talleres y espacios formativos y recreativos comunales.<\/p>\n<p>Del 18\/11 al 06\/12 los artistas y emprendedores de nuestra localidad mostrar\u00e1n a<span class=\"text_exposed_show\"> sus vecinos los logros alcanzados en diferentes \u00e1reas.<\/p>\n<p>Comenzamos el d\u00eda mi\u00e9rcoles 18 con la presentaci\u00f3n del Taller de Acrobacias en Tela, el cual se realizar\u00e1 en Sala Estrada, desde las 20:30 hs. Participaran del evento m\u00e1s de 50 chicas de todas las edades y la tem\u00e1tica girara en torno a los \u2018\u2019Videoclips\u2019\u2019, con el cierre a cargo de \u2018\u2019El Circo\u2019\u2019.<\/p>\n<p>Por otro lado, el d\u00eda viernes 20 desde las 21:30 hs en Sala Estrada, se repondr\u00e1 \u00abAcassuso\u00bb obra de teatro a cargo del taller comunal de teatro. La puesta se desarrolla a partir de que un grupo de maestras de una escuela de Merlo, en las fauces hambrientas del conurbano bonaerense, escucha una noticia: heroicos e inteligent\u00edsimos ladrones han dado un golpe en Acassuso, el m\u00e1s espectacular de la historia criminal argentina, sin disparar un solo tiro. Y se han robado un Banco R\u00edo, con t\u00faneles y rehenes. Envalentonadas por la idea, estas hero\u00ednas an\u00f3nimas de la tiza y del contralor dar\u00e1n, a su vez, su modesto pero inequ\u00edvoco golpe.<\/p>\n<p>El 18 comienza \u00abDe Ronda\u00bb y todos somos responsables que nuestra cultura se mueva, que nuestra cultura viva.<\/span><\/p>\n","protected":false},"excerpt":{"rendered":"<p>\u201cDe Ronda\u201d, es organizada por Secretar\u00eda de Cultura y Educaci\u00f3n de la Comuna de Suardi y se [&hellip;]<\/p>\n","protected":false},"author":3,"featured_media":2035,"comment_status":"open","ping_status":"open","sticky":false,"template":"","format":"standard","meta":{"_jetpack_memberships_contains_paid_content":false,"footnotes":"","jetpack_publicize_message":"","jetpack_publicize_feature_enabled":true,"jetpack_social_post_already_shared":true,"jetpack_social_options":{"image_generator_settings":{"template":"highway","enabled":false}}},"categories":[2],"tags":[],"jetpack_publicize_connections":[],"jetpack_featured_media_url":"https:\/\/enteculturalsantafesino.com.ar\/usina5\/wp-content\/uploads\/2015\/11\/12241613_710222975746343_7568829546836618352_n.jpg","jetpack_sharing_enabled":true,"_links":{"self":[{"href":"https:\/\/enteculturalsantafesino.com.ar\/usina5\/wp-json\/wp\/v2\/posts\/2034"}],"collection":[{"href":"https:\/\/enteculturalsantafesino.com.ar\/usina5\/wp-json\/wp\/v2\/posts"}],"about":[{"href":"https:\/\/enteculturalsantafesino.com.ar\/usina5\/wp-json\/wp\/v2\/types\/post"}],"author":[{"embeddable":true,"href":"https:\/\/enteculturalsantafesino.com.ar\/usina5\/wp-json\/wp\/v2\/users\/3"}],"replies":[{"embeddable":true,"href":"https:\/\/enteculturalsantafesino.com.ar\/usina5\/wp-json\/wp\/v2\/comments?post=2034"}],"version-history":[{"count":0,"href":"https:\/\/enteculturalsantafesino.com.ar\/usina5\/wp-json\/wp\/v2\/posts\/2034\/revisions"}],"wp:featuredmedia":[{"embeddable":true,"href":"https:\/\/enteculturalsantafesino.com.ar\/usina5\/wp-json\/wp\/v2\/media\/2035"}],"wp:attachment":[{"href":"https:\/\/enteculturalsantafesino.com.ar\/usina5\/wp-json\/wp\/v2\/media?parent=2034"}],"wp:term":[{"taxonomy":"category","embeddable":true,"href":"https:\/\/enteculturalsantafesino.com.ar\/usina5\/wp-json\/wp\/v2\/categories?post=2034"},{"taxonomy":"post_tag","embeddable":true,"href":"https:\/\/enteculturalsantafesino.com.ar\/usina5\/wp-json\/wp\/v2\/tags?post=2034"}],"curies":[{"name":"wp","href":"https:\/\/api.w.org\/{rel}","templated":true}]}}