{"id":2043,"date":"2015-11-15T22:44:17","date_gmt":"2015-11-15T22:44:17","guid":{"rendered":"http:\/\/entecultura.com.ar\/usina5\/?p=2043"},"modified":"2015-11-15T22:44:17","modified_gmt":"2015-11-15T22:44:17","slug":"artistas-ceresinos-grabaran-en-tecnopolis","status":"publish","type":"post","link":"https:\/\/enteculturalsantafesino.com.ar\/usina5\/2015\/11\/artistas-ceresinos-grabaran-en-tecnopolis\/","title":{"rendered":"Artistas Ceresinos grabar\u00e1n en Tecn\u00f3polis"},"content":{"rendered":"<p>El Secretario de Gobierno y Cultura Ernesto Paul\u00f3n gratamente complacido anuncio en el d\u00eda de la fecha que fueron seleccionadas dos de las cuatro bandas que compitieron en Tecn\u00f3polis para grabar sus temas propios.<\/p>\n<p>Expreso \u201cEs una alegr\u00eda infinita para todos aquellos que trabajamos en Cultura, que grupos Ceresinos nos hayan representado en el Plan Mas Cerca Arte dependiente del Ministerio de Planificaci\u00f3n del Gobierno Nacional\u201d. Continuo \u201cSe hizo realidad este sue\u00f1o tan anhelado, donde Alina Martoglio y La Espesura fueron los elegidos. Es un placer poder contar con estos artistas de primera l\u00ednea\u201d,<\/p>\n<p>El Presidente del Concejo Deliberante Sergio Uberti, quien formo parte del contingente que viajo a Tecnopolis, dijo \u201cEs un orgullo que los grupos de Ceres lleguen a grabar a nivel nacional. Me enorgullece ser parte de este gobierno que tiene este Plan para el avance y reconocimiento cultural\u201d.<\/p>\n<p>Fabio Martoglio, defini\u00f3 esta nueva etapa como una experiencia enorme, ya que podr\u00e1n grabar en un estudio profesional. Agrego \u201cEsta muy bueno aprovechar esta oportunidad, es un paso m\u00e1s. Agradezco a la Municipalidad y a Naci\u00f3n por estos proyectos\u201d.<\/p>\n<p>Daniel D\u00edaz, cantante de La Espesura, relato \u201cEs una alegr\u00eda inmensa haber sido seleccionados para grabar temas propios representando a la Municipalidad y luego tocar con toda la banda en \u201cLA Ballena Azul\u201d.<\/p>\n<p>Finalizada la conferencia de prensa, se les hizo entrega de los certificados que habilita sus presencias en Tecn\u00f3polis.<\/p>\n","protected":false},"excerpt":{"rendered":"<p>El Secretario de Gobierno y Cultura Ernesto Paul\u00f3n gratamente complacido anuncio en el d\u00eda de la fecha [&hellip;]<\/p>\n","protected":false},"author":3,"featured_media":2044,"comment_status":"open","ping_status":"open","sticky":false,"template":"","format":"standard","meta":{"_jetpack_memberships_contains_paid_content":false,"footnotes":"","jetpack_publicize_message":"","jetpack_publicize_feature_enabled":true,"jetpack_social_post_already_shared":true,"jetpack_social_options":{"image_generator_settings":{"template":"highway","enabled":false}}},"categories":[7],"tags":[],"jetpack_publicize_connections":[],"jetpack_featured_media_url":"https:\/\/enteculturalsantafesino.com.ar\/usina5\/wp-content\/uploads\/2015\/11\/12227084_901291586585343_3369214196495516140_n.jpg","jetpack_sharing_enabled":true,"_links":{"self":[{"href":"https:\/\/enteculturalsantafesino.com.ar\/usina5\/wp-json\/wp\/v2\/posts\/2043"}],"collection":[{"href":"https:\/\/enteculturalsantafesino.com.ar\/usina5\/wp-json\/wp\/v2\/posts"}],"about":[{"href":"https:\/\/enteculturalsantafesino.com.ar\/usina5\/wp-json\/wp\/v2\/types\/post"}],"author":[{"embeddable":true,"href":"https:\/\/enteculturalsantafesino.com.ar\/usina5\/wp-json\/wp\/v2\/users\/3"}],"replies":[{"embeddable":true,"href":"https:\/\/enteculturalsantafesino.com.ar\/usina5\/wp-json\/wp\/v2\/comments?post=2043"}],"version-history":[{"count":0,"href":"https:\/\/enteculturalsantafesino.com.ar\/usina5\/wp-json\/wp\/v2\/posts\/2043\/revisions"}],"wp:featuredmedia":[{"embeddable":true,"href":"https:\/\/enteculturalsantafesino.com.ar\/usina5\/wp-json\/wp\/v2\/media\/2044"}],"wp:attachment":[{"href":"https:\/\/enteculturalsantafesino.com.ar\/usina5\/wp-json\/wp\/v2\/media?parent=2043"}],"wp:term":[{"taxonomy":"category","embeddable":true,"href":"https:\/\/enteculturalsantafesino.com.ar\/usina5\/wp-json\/wp\/v2\/categories?post=2043"},{"taxonomy":"post_tag","embeddable":true,"href":"https:\/\/enteculturalsantafesino.com.ar\/usina5\/wp-json\/wp\/v2\/tags?post=2043"}],"curies":[{"name":"wp","href":"https:\/\/api.w.org\/{rel}","templated":true}]}}