{"id":2046,"date":"2015-11-15T22:48:22","date_gmt":"2015-11-15T22:48:22","guid":{"rendered":"http:\/\/entecultura.com.ar\/usina5\/?p=2046"},"modified":"2015-11-15T22:48:22","modified_gmt":"2015-11-15T22:48:22","slug":"san-guillermo-muestra-de-show-de-danzas-arabes-en-ceres","status":"publish","type":"post","link":"https:\/\/enteculturalsantafesino.com.ar\/usina5\/2015\/11\/san-guillermo-muestra-de-show-de-danzas-arabes-en-ceres\/","title":{"rendered":"San Guillermo: Muestra de Show de Danzas \u00c1rabes en Ceres"},"content":{"rendered":"<p>El Taller Comunal de Danzas \u00c1rabes de la Comuna junto a sus Profesoras Aldana Cravero y Valeria Fioramonti participaron conjuntamente con alumnas de la ciudad de Ceres, en el Complejo Estaci\u00f3n de aquella ciudad del Departamento San Crist\u00f3bal, de la Muestra Show: Diosas. Una mplia concurrencia colm\u00f3 las instalaciones y disfrut\u00f3 de una excelente alternativa art\u00edstico-cultural. Nuestras participantes: Peque\u00f1as: <em>Ema Franch, Maite Bolbiese, Aldana Bravo, Delfina Retamozo, Morena Rodr\u00edguez e Ingrid Lione; Mayores: Sof\u00eda Bravo, Brisa Mottura, Ayel\u00e9n Miglio, Mili Mangoul, Justina Lescano y Ariana Barrios.<\/em><\/p>\n","protected":false},"excerpt":{"rendered":"<p>El Taller Comunal de Danzas \u00c1rabes de la Comuna junto a sus Profesoras Aldana Cravero y Valeria [&hellip;]<\/p>\n","protected":false},"author":3,"featured_media":2047,"comment_status":"open","ping_status":"open","sticky":false,"template":"","format":"standard","meta":{"_jetpack_memberships_contains_paid_content":false,"footnotes":"","jetpack_publicize_message":"","jetpack_publicize_feature_enabled":true,"jetpack_social_post_already_shared":true,"jetpack_social_options":{"image_generator_settings":{"template":"highway","enabled":false}}},"categories":[10],"tags":[],"jetpack_publicize_connections":[],"jetpack_featured_media_url":"https:\/\/enteculturalsantafesino.com.ar\/usina5\/wp-content\/uploads\/2015\/11\/12196271_10203885527938692_423938625825961317_n.jpg","jetpack_sharing_enabled":true,"_links":{"self":[{"href":"https:\/\/enteculturalsantafesino.com.ar\/usina5\/wp-json\/wp\/v2\/posts\/2046"}],"collection":[{"href":"https:\/\/enteculturalsantafesino.com.ar\/usina5\/wp-json\/wp\/v2\/posts"}],"about":[{"href":"https:\/\/enteculturalsantafesino.com.ar\/usina5\/wp-json\/wp\/v2\/types\/post"}],"author":[{"embeddable":true,"href":"https:\/\/enteculturalsantafesino.com.ar\/usina5\/wp-json\/wp\/v2\/users\/3"}],"replies":[{"embeddable":true,"href":"https:\/\/enteculturalsantafesino.com.ar\/usina5\/wp-json\/wp\/v2\/comments?post=2046"}],"version-history":[{"count":0,"href":"https:\/\/enteculturalsantafesino.com.ar\/usina5\/wp-json\/wp\/v2\/posts\/2046\/revisions"}],"wp:featuredmedia":[{"embeddable":true,"href":"https:\/\/enteculturalsantafesino.com.ar\/usina5\/wp-json\/wp\/v2\/media\/2047"}],"wp:attachment":[{"href":"https:\/\/enteculturalsantafesino.com.ar\/usina5\/wp-json\/wp\/v2\/media?parent=2046"}],"wp:term":[{"taxonomy":"category","embeddable":true,"href":"https:\/\/enteculturalsantafesino.com.ar\/usina5\/wp-json\/wp\/v2\/categories?post=2046"},{"taxonomy":"post_tag","embeddable":true,"href":"https:\/\/enteculturalsantafesino.com.ar\/usina5\/wp-json\/wp\/v2\/tags?post=2046"}],"curies":[{"name":"wp","href":"https:\/\/api.w.org\/{rel}","templated":true}]}}