{"id":2052,"date":"2015-11-15T23:24:49","date_gmt":"2015-11-15T23:24:49","guid":{"rendered":"http:\/\/entecultura.com.ar\/usina5\/?p=2052"},"modified":"2015-11-15T23:24:49","modified_gmt":"2015-11-15T23:24:49","slug":"ceres-cierre-lectivo-del-taller-del-teatro-de-ninos-del-liceo-municipal","status":"publish","type":"post","link":"https:\/\/enteculturalsantafesino.com.ar\/usina5\/2015\/11\/ceres-cierre-lectivo-del-taller-del-teatro-de-ninos-del-liceo-municipal\/","title":{"rendered":"Ceres: Cierre lectivo del Taller del Teatro de Ni\u00f1os del Liceo Municipal"},"content":{"rendered":"<p><em><\/em>En el Centro Cultural Sociedad Italiana con un \u00e9xito rotundo se realizo el cierre lectivo del \u00a0taller de Teatro de ni\u00f1os perteneciente al Liceo Municipal Alfredo Zain bajo la direcci\u00f3n de\u00a0 Liliana Aro.<\/p>\n<p>El Secretario de Gobierno y Cultura Ernesto Paul\u00f3n y un nutrido marco de p\u00fablico participaron de la puesta en escena de tres obras en la que los peque\u00f1os deleitaron\u00a0 a todos los presentes con una actuaci\u00f3n exquisita y sorprendente que a lo largo de dos horas hicieron re\u00edr y compartir un momento placentero entre\u00a0 quienes asistieron.<\/p>\n<p>En primer t\u00e9rmino hizo la apertura de la muestra la obra titulada \u201cEntre gatos y ratones\u201d, con la actuaci\u00f3n de: Florencia Ferrero; \u00c1lvaro Davicino; Bel\u00e9n Marchiaro; Fiorella Ferrari; Delfina Lovera; Ulises Teloni; Malena Sabena; Juliana Caporgno; Gabriel Schurrer; Valentina Torreta; Cartas Mar\u00eda del Rosario; Gianela Caporgno; Valentino Gracioso y Catalina Ferrero.<\/p>\n<p>A continuaci\u00f3n se presento la obra \u201cEl d\u00eda de la boda\u201d, con la actuaci\u00f3n de: Miranda Bezerra; Morena Albertinazzi; Santiago Bruno; Milede Elena; Celeste Ponce; Julieta Giordana; Wanda Flores; Octavio Buffa; Juan Trionfetti; Candela Mainardi; Agustina D\u00edaz y Jazm\u00edn Godoy.<\/p>\n<p>La tercera y \u00faltima obra exhibida fue \u201cUna historia bajo el ala\u201d, con la actuaci\u00f3n de: Jair Mandrille; Liza Martoglio; Lucia B\u00e1lsamo; Iara Martoglio; Roc\u00edo Saavedra; Ana Katz; Luna Arias; Luciana Macelo; Zoe Arro y Gabriela Acu\u00f1a.<\/p>\n<p>Finalizando, como obsequio para la profesora y el p\u00fablico los ni\u00f1os cerraron la velada con una colorida y r\u00edtmica coreograf\u00eda.<\/p>\n<p>Posteriormente, el Secretario de Gobierno y Cultura Ernesto Paul\u00f3n, la Directora del Liceo Alfredo Zain Liliana Aro y Miriam Chiapero quien integro durante muchos a\u00f1os el plantel de profesores del Liceo Municipal a cargo del taller de danzas contempor\u00e1neas, hicieron entrega de certificados de cumplimentaci\u00f3n de clases a cada uno de los peque\u00f1os actores, grandes protagonistas de la noche.<\/p>\n","protected":false},"excerpt":{"rendered":"<p>En el Centro Cultural Sociedad Italiana con un \u00e9xito rotundo se realizo el cierre lectivo del \u00a0taller [&hellip;]<\/p>\n","protected":false},"author":3,"featured_media":2053,"comment_status":"open","ping_status":"open","sticky":false,"template":"","format":"standard","meta":{"_jetpack_memberships_contains_paid_content":false,"footnotes":"","jetpack_publicize_message":"","jetpack_publicize_feature_enabled":true,"jetpack_social_post_already_shared":true,"jetpack_social_options":{"image_generator_settings":{"template":"highway","enabled":false}}},"categories":[7],"tags":[],"jetpack_publicize_connections":[],"jetpack_featured_media_url":"https:\/\/enteculturalsantafesino.com.ar\/usina5\/wp-content\/uploads\/2015\/11\/unnamed-3.jpg","jetpack_sharing_enabled":true,"_links":{"self":[{"href":"https:\/\/enteculturalsantafesino.com.ar\/usina5\/wp-json\/wp\/v2\/posts\/2052"}],"collection":[{"href":"https:\/\/enteculturalsantafesino.com.ar\/usina5\/wp-json\/wp\/v2\/posts"}],"about":[{"href":"https:\/\/enteculturalsantafesino.com.ar\/usina5\/wp-json\/wp\/v2\/types\/post"}],"author":[{"embeddable":true,"href":"https:\/\/enteculturalsantafesino.com.ar\/usina5\/wp-json\/wp\/v2\/users\/3"}],"replies":[{"embeddable":true,"href":"https:\/\/enteculturalsantafesino.com.ar\/usina5\/wp-json\/wp\/v2\/comments?post=2052"}],"version-history":[{"count":0,"href":"https:\/\/enteculturalsantafesino.com.ar\/usina5\/wp-json\/wp\/v2\/posts\/2052\/revisions"}],"wp:featuredmedia":[{"embeddable":true,"href":"https:\/\/enteculturalsantafesino.com.ar\/usina5\/wp-json\/wp\/v2\/media\/2053"}],"wp:attachment":[{"href":"https:\/\/enteculturalsantafesino.com.ar\/usina5\/wp-json\/wp\/v2\/media?parent=2052"}],"wp:term":[{"taxonomy":"category","embeddable":true,"href":"https:\/\/enteculturalsantafesino.com.ar\/usina5\/wp-json\/wp\/v2\/categories?post=2052"},{"taxonomy":"post_tag","embeddable":true,"href":"https:\/\/enteculturalsantafesino.com.ar\/usina5\/wp-json\/wp\/v2\/tags?post=2052"}],"curies":[{"name":"wp","href":"https:\/\/api.w.org\/{rel}","templated":true}]}}