{"id":2066,"date":"2015-11-21T18:15:09","date_gmt":"2015-11-21T18:15:09","guid":{"rendered":"http:\/\/entecultura.com.ar\/usina5\/?p=2066"},"modified":"2015-11-21T18:15:09","modified_gmt":"2015-11-21T18:15:09","slug":"esplendida-presentacion-del-taller-de-teatro-de-ninos-en-ceres","status":"publish","type":"post","link":"https:\/\/enteculturalsantafesino.com.ar\/usina5\/2015\/11\/esplendida-presentacion-del-taller-de-teatro-de-ninos-en-ceres\/","title":{"rendered":"Espl\u00e9ndida presentaci\u00f3n del \u00abTaller de Teatro de Ni\u00f1os\u00bb en Ceres"},"content":{"rendered":"<p>En la noche del jueves 19 la inocencia de los m\u00e1s peque\u00f1os del taller de teatro invadi\u00f3 el escenario con la obra el Flautista de Hamelin , una recreaci\u00f3n del cuento hecha realidad con la m\u00fasica apropiada , el vestuario adecuado a cada personaje y la expresi\u00f3n corporal en los ni\u00f1os que recibieron de sus familiares los aplausos merecidos.<u><\/u><u><\/u><\/p>\n<p>En esta oportunidad y haciendo hincapi\u00e9 en la creatividad, pusieron en escena \u00abcampamento de terror \u00abuna creaci\u00f3n colectiva basada en las fantas\u00edas de los ni\u00f1os.<u><\/u><u><\/u><\/p>\n<p>Con la intenci\u00f3n de hacer intercambios culturales estuvo el taller de teatro comunal de Arrufo presentando dos obras \u00abNariz Fugitiva\u00bb de Fabi\u00e1n Sevilla y \u00abPopy, la t\u00eda m\u00e1gica\u00bb de Mar\u00eda R. Pfeifer, a los que agradecemos especialmente.-<u><\/u><u><\/u><\/p>\n<p>Felicitaciones a los ni\u00f1os, a su profesora Gloria Degiovanni y a quien estuvo a cargo de la m\u00fasica y luces, Carlos Muhn.<\/p>\n","protected":false},"excerpt":{"rendered":"<p>En la noche del jueves 19 la inocencia de los m\u00e1s peque\u00f1os del taller de teatro invadi\u00f3 [&hellip;]<\/p>\n","protected":false},"author":3,"featured_media":2067,"comment_status":"open","ping_status":"open","sticky":false,"template":"","format":"standard","meta":{"_jetpack_memberships_contains_paid_content":false,"footnotes":"","jetpack_publicize_message":"","jetpack_publicize_feature_enabled":true,"jetpack_social_post_already_shared":true,"jetpack_social_options":{"image_generator_settings":{"template":"highway","enabled":false}}},"categories":[7],"tags":[],"jetpack_publicize_connections":[],"jetpack_featured_media_url":"https:\/\/enteculturalsantafesino.com.ar\/usina5\/wp-content\/uploads\/2015\/11\/unnamed-9.jpg","jetpack_sharing_enabled":true,"_links":{"self":[{"href":"https:\/\/enteculturalsantafesino.com.ar\/usina5\/wp-json\/wp\/v2\/posts\/2066"}],"collection":[{"href":"https:\/\/enteculturalsantafesino.com.ar\/usina5\/wp-json\/wp\/v2\/posts"}],"about":[{"href":"https:\/\/enteculturalsantafesino.com.ar\/usina5\/wp-json\/wp\/v2\/types\/post"}],"author":[{"embeddable":true,"href":"https:\/\/enteculturalsantafesino.com.ar\/usina5\/wp-json\/wp\/v2\/users\/3"}],"replies":[{"embeddable":true,"href":"https:\/\/enteculturalsantafesino.com.ar\/usina5\/wp-json\/wp\/v2\/comments?post=2066"}],"version-history":[{"count":0,"href":"https:\/\/enteculturalsantafesino.com.ar\/usina5\/wp-json\/wp\/v2\/posts\/2066\/revisions"}],"wp:featuredmedia":[{"embeddable":true,"href":"https:\/\/enteculturalsantafesino.com.ar\/usina5\/wp-json\/wp\/v2\/media\/2067"}],"wp:attachment":[{"href":"https:\/\/enteculturalsantafesino.com.ar\/usina5\/wp-json\/wp\/v2\/media?parent=2066"}],"wp:term":[{"taxonomy":"category","embeddable":true,"href":"https:\/\/enteculturalsantafesino.com.ar\/usina5\/wp-json\/wp\/v2\/categories?post=2066"},{"taxonomy":"post_tag","embeddable":true,"href":"https:\/\/enteculturalsantafesino.com.ar\/usina5\/wp-json\/wp\/v2\/tags?post=2066"}],"curies":[{"name":"wp","href":"https:\/\/api.w.org\/{rel}","templated":true}]}}