{"id":2069,"date":"2015-11-21T18:16:26","date_gmt":"2015-11-21T18:16:26","guid":{"rendered":"http:\/\/entecultura.com.ar\/usina5\/?p=2069"},"modified":"2015-11-21T18:16:26","modified_gmt":"2015-11-21T18:16:26","slug":"suardi-se-llevo-a-cabo-una-intervencion-artistica-en-plaza-san-martin","status":"publish","type":"post","link":"https:\/\/enteculturalsantafesino.com.ar\/usina5\/2015\/11\/suardi-se-llevo-a-cabo-una-intervencion-artistica-en-plaza-san-martin\/","title":{"rendered":"Suardi: Se llev\u00f3 a cabo una \u00abIntervenci\u00f3n art\u00edstica\u00bb en Plaza San Mart\u00edn"},"content":{"rendered":"<p>El s\u00e1bado 14 de Noviembre, EL CAJ (Centro de Actividades Juveniles) con sede en la escuela 500 de Suardi, realiz\u00f3 una intervenci\u00f3n art\u00edstica en Plaza San Mart\u00edn. Esta movida se replic\u00f3 ese d\u00eda en todo el pa\u00eds, donde los casi 3000 CAJ salieron a los espacios p\u00fablicos como parques, calles y plazas para compartir los aprendizajes realizados en los talleres del programa.<\/p>\n<p>Los tres talleres en funcionamiento en nuestro pueblo; V\u00eddeo Art\u00edstico, Producci\u00f3n Creativa y Muralismo, se u<span class=\"text_exposed_show\">nieron para esta producci\u00f3n colectiva.<\/span><\/p>\n<div class=\"text_exposed_show\">\n<p>Los chicos y los profes se pintaron remeras con dise\u00f1os libres en la espalda y un logo del CAJ en el frente, e instalaron un panel para que la gente que pasaba fuera dejando sus huellas all\u00ed. Del otro lado del panel, al llegar el anochecer, se proyectaron v\u00eddeos con la historia de las actividades del CAJ en estos dos meses y medio de trayectoria en nuestro pueblo.<\/p>\n<p>Tambi\u00e9n se proyect\u00f3 el v\u00eddeo de uno de los alumnos del taller de V\u00eddeo Art\u00edstico, Diego Palpi, que previamente hab\u00eda sido presentado en Santa Fe, en el Festival de Cortometrajes realizado el mes pasado.<\/p>\n<p>La invitaci\u00f3n sigue en pie para los j\u00f3venes de entre 13 y 18 a\u00f1os que quieran integrarse a los talleres, los cuales estar\u00e1n funcionando hasta mediados de diciembre. El pr\u00f3ximo proyecto de Muralismo, ser\u00e1 realizar las nuevas pinturas de las paredes en la Terminal de \u00d3mnibus.<\/p>\n<p>El CAJ agradece el apoyo, que desde el principio, la Secretar\u00eda de Cultura y Educaci\u00f3n de la Comuna de Suardi ha brindado al programa, facilitando espacios, y en este caso especial, el equipo de sonido.<\/p>\n<\/div>\n","protected":false},"excerpt":{"rendered":"<p>El s\u00e1bado 14 de Noviembre, EL CAJ (Centro de Actividades Juveniles) con sede en la escuela 500 [&hellip;]<\/p>\n","protected":false},"author":3,"featured_media":2070,"comment_status":"open","ping_status":"open","sticky":false,"template":"","format":"standard","meta":{"_jetpack_memberships_contains_paid_content":false,"footnotes":"","jetpack_publicize_message":"","jetpack_publicize_feature_enabled":true,"jetpack_social_post_already_shared":true,"jetpack_social_options":{"image_generator_settings":{"template":"highway","enabled":false}}},"categories":[2],"tags":[],"jetpack_publicize_connections":[],"jetpack_featured_media_url":"https:\/\/enteculturalsantafesino.com.ar\/usina5\/wp-content\/uploads\/2015\/11\/12247079_712769935491647_1371316907119029768_n.jpg","jetpack_sharing_enabled":true,"_links":{"self":[{"href":"https:\/\/enteculturalsantafesino.com.ar\/usina5\/wp-json\/wp\/v2\/posts\/2069"}],"collection":[{"href":"https:\/\/enteculturalsantafesino.com.ar\/usina5\/wp-json\/wp\/v2\/posts"}],"about":[{"href":"https:\/\/enteculturalsantafesino.com.ar\/usina5\/wp-json\/wp\/v2\/types\/post"}],"author":[{"embeddable":true,"href":"https:\/\/enteculturalsantafesino.com.ar\/usina5\/wp-json\/wp\/v2\/users\/3"}],"replies":[{"embeddable":true,"href":"https:\/\/enteculturalsantafesino.com.ar\/usina5\/wp-json\/wp\/v2\/comments?post=2069"}],"version-history":[{"count":0,"href":"https:\/\/enteculturalsantafesino.com.ar\/usina5\/wp-json\/wp\/v2\/posts\/2069\/revisions"}],"wp:featuredmedia":[{"embeddable":true,"href":"https:\/\/enteculturalsantafesino.com.ar\/usina5\/wp-json\/wp\/v2\/media\/2070"}],"wp:attachment":[{"href":"https:\/\/enteculturalsantafesino.com.ar\/usina5\/wp-json\/wp\/v2\/media?parent=2069"}],"wp:term":[{"taxonomy":"category","embeddable":true,"href":"https:\/\/enteculturalsantafesino.com.ar\/usina5\/wp-json\/wp\/v2\/categories?post=2069"},{"taxonomy":"post_tag","embeddable":true,"href":"https:\/\/enteculturalsantafesino.com.ar\/usina5\/wp-json\/wp\/v2\/tags?post=2069"}],"curies":[{"name":"wp","href":"https:\/\/api.w.org\/{rel}","templated":true}]}}