{"id":2360,"date":"2016-03-27T22:47:40","date_gmt":"2016-03-27T22:47:40","guid":{"rendered":"http:\/\/entecultura.com.ar\/usina5\/?p=2360"},"modified":"2016-03-27T22:47:40","modified_gmt":"2016-03-27T22:47:40","slug":"san-guillermo-emotivo-via-crusis-en-la-plaza-san-martin","status":"publish","type":"post","link":"https:\/\/enteculturalsantafesino.com.ar\/usina5\/2016\/03\/san-guillermo-emotivo-via-crusis-en-la-plaza-san-martin\/","title":{"rendered":"San Guillermo: Emotivo V\u00eda Crusis en la Plaza San Mart\u00edn"},"content":{"rendered":"<p>Emotivo V\u00eda Crucis 2016 <strong>\u00abBastar\u00e1 tocar tu manto\u00bb<\/strong> de la Pastoral Juvenil de la Parroquia de la localidad, llevado a cabo en Plaza San Mart\u00edn y con la consigna \u00abJES\u00daS nos invita a enfrentar nuestros miedos, confiar en su bondad y TOCAR SU MANTO, solo con nuestra FE nos permitir\u00e1 tomar de \u00e9l la gracia que salva\u2026\u00bb.<\/p>\n<p>Importante concurrencia de familias en general.<\/p>\n","protected":false},"excerpt":{"rendered":"<p>Emotivo V\u00eda Crucis 2016 \u00abBastar\u00e1 tocar tu manto\u00bb de la Pastoral Juvenil de la Parroquia de la [&hellip;]<\/p>\n","protected":false},"author":3,"featured_media":2361,"comment_status":"open","ping_status":"open","sticky":false,"template":"","format":"standard","meta":{"_jetpack_memberships_contains_paid_content":false,"footnotes":"","jetpack_publicize_message":"","jetpack_publicize_feature_enabled":true,"jetpack_social_post_already_shared":true,"jetpack_social_options":{"image_generator_settings":{"template":"highway","enabled":false}}},"categories":[10],"tags":[],"jetpack_publicize_connections":[],"jetpack_featured_media_url":"https:\/\/enteculturalsantafesino.com.ar\/usina5\/wp-content\/uploads\/2016\/03\/dd437195-85cb-4e4f-8f3d-ffe190ab7742.jpg","jetpack_sharing_enabled":true,"_links":{"self":[{"href":"https:\/\/enteculturalsantafesino.com.ar\/usina5\/wp-json\/wp\/v2\/posts\/2360"}],"collection":[{"href":"https:\/\/enteculturalsantafesino.com.ar\/usina5\/wp-json\/wp\/v2\/posts"}],"about":[{"href":"https:\/\/enteculturalsantafesino.com.ar\/usina5\/wp-json\/wp\/v2\/types\/post"}],"author":[{"embeddable":true,"href":"https:\/\/enteculturalsantafesino.com.ar\/usina5\/wp-json\/wp\/v2\/users\/3"}],"replies":[{"embeddable":true,"href":"https:\/\/enteculturalsantafesino.com.ar\/usina5\/wp-json\/wp\/v2\/comments?post=2360"}],"version-history":[{"count":0,"href":"https:\/\/enteculturalsantafesino.com.ar\/usina5\/wp-json\/wp\/v2\/posts\/2360\/revisions"}],"wp:featuredmedia":[{"embeddable":true,"href":"https:\/\/enteculturalsantafesino.com.ar\/usina5\/wp-json\/wp\/v2\/media\/2361"}],"wp:attachment":[{"href":"https:\/\/enteculturalsantafesino.com.ar\/usina5\/wp-json\/wp\/v2\/media?parent=2360"}],"wp:term":[{"taxonomy":"category","embeddable":true,"href":"https:\/\/enteculturalsantafesino.com.ar\/usina5\/wp-json\/wp\/v2\/categories?post=2360"},{"taxonomy":"post_tag","embeddable":true,"href":"https:\/\/enteculturalsantafesino.com.ar\/usina5\/wp-json\/wp\/v2\/tags?post=2360"}],"curies":[{"name":"wp","href":"https:\/\/api.w.org\/{rel}","templated":true}]}}