{"id":2364,"date":"2016-03-31T16:52:49","date_gmt":"2016-03-31T16:52:49","guid":{"rendered":"http:\/\/entecultura.com.ar\/usina5\/?p=2364"},"modified":"2016-03-31T16:52:49","modified_gmt":"2016-03-31T16:52:49","slug":"reunion-de-trabajo-para-el-comienzo-de-actividades-en-c-a-s-a-de-paso","status":"publish","type":"post","link":"https:\/\/enteculturalsantafesino.com.ar\/usina5\/2016\/03\/reunion-de-trabajo-para-el-comienzo-de-actividades-en-c-a-s-a-de-paso\/","title":{"rendered":"Reuni\u00f3n de Trabajo para el comienzo de actividades en C.A.S.A de Paso"},"content":{"rendered":"<p>La Coordinadora de Secretar\u00eda de Ni\u00f1ez, Adolescencia, Familia, Discapacidad y G\u00e9nero Mar\u00eda del Carmen Reynoso junto a las responsables de C.A.S.A de Paso Laura Serrano y Gisela Sposito, se reunieron con Gabriel Ruiz en representaci\u00f3n del Presidente Comunal Daniel Martina y talleristas para contemplar las actividades 2016 en dicho espacio ubicado en Barrio Pueblo Viejo de la localidad, que quedar\u00e1 oficialmente habilitado el entrante Martes 5 de Abril.<\/p>\n<p>Con diversas propuestas, los ni\u00f1Os y padres podr\u00e1n realizar las siguientes actividades: Manualidades, M\u00fasica, Pl\u00e1stica, Baile, F\u00fatbol, Costura, Nutrici\u00f3n y \u00a0actividades recreativas y de prevenci\u00f3n junto a profesionales de la localidad.<\/p>\n","protected":false},"excerpt":{"rendered":"<p>La Coordinadora de Secretar\u00eda de Ni\u00f1ez, Adolescencia, Familia, Discapacidad y G\u00e9nero Mar\u00eda del Carmen Reynoso junto a [&hellip;]<\/p>\n","protected":false},"author":3,"featured_media":2365,"comment_status":"open","ping_status":"open","sticky":false,"template":"","format":"standard","meta":{"_jetpack_memberships_contains_paid_content":false,"footnotes":"","jetpack_publicize_message":"","jetpack_publicize_feature_enabled":true,"jetpack_social_post_already_shared":true,"jetpack_social_options":{"image_generator_settings":{"template":"highway","enabled":false}}},"categories":[1],"tags":[],"jetpack_publicize_connections":[],"jetpack_featured_media_url":"https:\/\/enteculturalsantafesino.com.ar\/usina5\/wp-content\/uploads\/2016\/03\/dd6677f2-2aa9-42cf-8eed-06acb303d15a.jpg","jetpack_sharing_enabled":true,"_links":{"self":[{"href":"https:\/\/enteculturalsantafesino.com.ar\/usina5\/wp-json\/wp\/v2\/posts\/2364"}],"collection":[{"href":"https:\/\/enteculturalsantafesino.com.ar\/usina5\/wp-json\/wp\/v2\/posts"}],"about":[{"href":"https:\/\/enteculturalsantafesino.com.ar\/usina5\/wp-json\/wp\/v2\/types\/post"}],"author":[{"embeddable":true,"href":"https:\/\/enteculturalsantafesino.com.ar\/usina5\/wp-json\/wp\/v2\/users\/3"}],"replies":[{"embeddable":true,"href":"https:\/\/enteculturalsantafesino.com.ar\/usina5\/wp-json\/wp\/v2\/comments?post=2364"}],"version-history":[{"count":0,"href":"https:\/\/enteculturalsantafesino.com.ar\/usina5\/wp-json\/wp\/v2\/posts\/2364\/revisions"}],"wp:featuredmedia":[{"embeddable":true,"href":"https:\/\/enteculturalsantafesino.com.ar\/usina5\/wp-json\/wp\/v2\/media\/2365"}],"wp:attachment":[{"href":"https:\/\/enteculturalsantafesino.com.ar\/usina5\/wp-json\/wp\/v2\/media?parent=2364"}],"wp:term":[{"taxonomy":"category","embeddable":true,"href":"https:\/\/enteculturalsantafesino.com.ar\/usina5\/wp-json\/wp\/v2\/categories?post=2364"},{"taxonomy":"post_tag","embeddable":true,"href":"https:\/\/enteculturalsantafesino.com.ar\/usina5\/wp-json\/wp\/v2\/tags?post=2364"}],"curies":[{"name":"wp","href":"https:\/\/api.w.org\/{rel}","templated":true}]}}