{"id":2367,"date":"2016-03-31T17:45:43","date_gmt":"2016-03-31T17:45:43","guid":{"rendered":"http:\/\/entecultura.com.ar\/usina5\/?p=2367"},"modified":"2016-03-31T17:45:43","modified_gmt":"2016-03-31T17:45:43","slug":"san-guillermo-el-taller-de-manualidades-expone-sus-trabajos","status":"publish","type":"post","link":"https:\/\/enteculturalsantafesino.com.ar\/usina5\/2016\/03\/san-guillermo-el-taller-de-manualidades-expone-sus-trabajos\/","title":{"rendered":"San Guillermo: El Taller de Manualidades expone sus trabajos"},"content":{"rendered":"<p>El <strong>Taller de Manualidades<\/strong> dictado por Mar\u00eda del Carmen Peralta se prepara para exponer el pr\u00f3ximo <strong>2 de Abril<\/strong>, en el marco del acto en conmemoraci\u00f3n del <strong>D\u00eda del Veterano y de los Ca\u00eddos en la Guerra de Malvinas<\/strong>, en la Plaza \u00abPuerto Argentino\u00bb desde las 15hs<\/p>\n","protected":false},"excerpt":{"rendered":"<p>El Taller de Manualidades dictado por Mar\u00eda del Carmen Peralta se prepara para exponer el pr\u00f3ximo 2 [&hellip;]<\/p>\n","protected":false},"author":3,"featured_media":2368,"comment_status":"open","ping_status":"open","sticky":false,"template":"","format":"standard","meta":{"_jetpack_memberships_contains_paid_content":false,"footnotes":"","jetpack_publicize_message":"","jetpack_publicize_feature_enabled":true,"jetpack_social_post_already_shared":true,"jetpack_social_options":{"image_generator_settings":{"template":"highway","enabled":false}}},"categories":[10],"tags":[],"jetpack_publicize_connections":[],"jetpack_featured_media_url":"https:\/\/enteculturalsantafesino.com.ar\/usina5\/wp-content\/uploads\/2016\/03\/0247f020-8e26-418d-aac6-20c0ab772de0.jpg","jetpack_sharing_enabled":true,"_links":{"self":[{"href":"https:\/\/enteculturalsantafesino.com.ar\/usina5\/wp-json\/wp\/v2\/posts\/2367"}],"collection":[{"href":"https:\/\/enteculturalsantafesino.com.ar\/usina5\/wp-json\/wp\/v2\/posts"}],"about":[{"href":"https:\/\/enteculturalsantafesino.com.ar\/usina5\/wp-json\/wp\/v2\/types\/post"}],"author":[{"embeddable":true,"href":"https:\/\/enteculturalsantafesino.com.ar\/usina5\/wp-json\/wp\/v2\/users\/3"}],"replies":[{"embeddable":true,"href":"https:\/\/enteculturalsantafesino.com.ar\/usina5\/wp-json\/wp\/v2\/comments?post=2367"}],"version-history":[{"count":0,"href":"https:\/\/enteculturalsantafesino.com.ar\/usina5\/wp-json\/wp\/v2\/posts\/2367\/revisions"}],"wp:featuredmedia":[{"embeddable":true,"href":"https:\/\/enteculturalsantafesino.com.ar\/usina5\/wp-json\/wp\/v2\/media\/2368"}],"wp:attachment":[{"href":"https:\/\/enteculturalsantafesino.com.ar\/usina5\/wp-json\/wp\/v2\/media?parent=2367"}],"wp:term":[{"taxonomy":"category","embeddable":true,"href":"https:\/\/enteculturalsantafesino.com.ar\/usina5\/wp-json\/wp\/v2\/categories?post=2367"},{"taxonomy":"post_tag","embeddable":true,"href":"https:\/\/enteculturalsantafesino.com.ar\/usina5\/wp-json\/wp\/v2\/tags?post=2367"}],"curies":[{"name":"wp","href":"https:\/\/api.w.org\/{rel}","templated":true}]}}