{"id":2460,"date":"2016-05-03T12:54:11","date_gmt":"2016-05-03T12:54:11","guid":{"rendered":"http:\/\/entecultura.com.ar\/usina5\/?p=2460"},"modified":"2016-05-03T12:54:11","modified_gmt":"2016-05-03T12:54:11","slug":"en-arrufo-se-desarrollaron-los-intercursos","status":"publish","type":"post","link":"https:\/\/enteculturalsantafesino.com.ar\/usina5\/2016\/05\/en-arrufo-se-desarrollaron-los-intercursos\/","title":{"rendered":"En Arrufo se desarrollaron los \u00abIntercursos\u00bb"},"content":{"rendered":"<div>La <strong>EESO N\u00ba 245 \u00abSargento J. B. Cabral\u00bb<\/strong> de <strong>Arruf\u00f3<\/strong>, vivi\u00f3 una nueva edici\u00f3n de los tradicionales <strong>\u00abInterCursos\u00bb.\u00a0<\/strong><\/div>\n<div><\/div>\n<div>Este proyecto institucional se realiza todos los a\u00f1os y es organizado por el Centro de Estudiantes y profesores.<\/div>\n<div>Una propuesta que hace participar a todo el alumnado en diferentes actividades deportivas, recreativas y culturales. Es esperada con muchas ansias por todos y demuestra las grandes potencialidades que tienen los j\u00f3venes de organizarse y compartir entre ellos de una forma sana y educativa.<\/div>\n<div><\/div>\n<div><em>Desde la Comisi\u00f3n Comunal de Cultura de Arruf\u00f3, se hace llegar a \u00a0toda la comunidad educativa las felicitaciones por lo realizado.<\/em><\/div>\n","protected":false},"excerpt":{"rendered":"<p>La EESO N\u00ba 245 \u00abSargento J. B. Cabral\u00bb de Arruf\u00f3, vivi\u00f3 una nueva edici\u00f3n de los tradicionales [&hellip;]<\/p>\n","protected":false},"author":3,"featured_media":2461,"comment_status":"open","ping_status":"open","sticky":false,"template":"","format":"standard","meta":{"_jetpack_memberships_contains_paid_content":false,"footnotes":"","jetpack_publicize_message":"","jetpack_publicize_feature_enabled":true,"jetpack_social_post_already_shared":true,"jetpack_social_options":{"image_generator_settings":{"template":"highway","enabled":false}}},"categories":[4],"tags":[],"jetpack_publicize_connections":[],"jetpack_featured_media_url":"https:\/\/enteculturalsantafesino.com.ar\/usina5\/wp-content\/uploads\/2016\/05\/af4d60ea-6fca-4aa5-a724-5d0fbe17dab6.jpg","jetpack_sharing_enabled":true,"_links":{"self":[{"href":"https:\/\/enteculturalsantafesino.com.ar\/usina5\/wp-json\/wp\/v2\/posts\/2460"}],"collection":[{"href":"https:\/\/enteculturalsantafesino.com.ar\/usina5\/wp-json\/wp\/v2\/posts"}],"about":[{"href":"https:\/\/enteculturalsantafesino.com.ar\/usina5\/wp-json\/wp\/v2\/types\/post"}],"author":[{"embeddable":true,"href":"https:\/\/enteculturalsantafesino.com.ar\/usina5\/wp-json\/wp\/v2\/users\/3"}],"replies":[{"embeddable":true,"href":"https:\/\/enteculturalsantafesino.com.ar\/usina5\/wp-json\/wp\/v2\/comments?post=2460"}],"version-history":[{"count":0,"href":"https:\/\/enteculturalsantafesino.com.ar\/usina5\/wp-json\/wp\/v2\/posts\/2460\/revisions"}],"wp:featuredmedia":[{"embeddable":true,"href":"https:\/\/enteculturalsantafesino.com.ar\/usina5\/wp-json\/wp\/v2\/media\/2461"}],"wp:attachment":[{"href":"https:\/\/enteculturalsantafesino.com.ar\/usina5\/wp-json\/wp\/v2\/media?parent=2460"}],"wp:term":[{"taxonomy":"category","embeddable":true,"href":"https:\/\/enteculturalsantafesino.com.ar\/usina5\/wp-json\/wp\/v2\/categories?post=2460"},{"taxonomy":"post_tag","embeddable":true,"href":"https:\/\/enteculturalsantafesino.com.ar\/usina5\/wp-json\/wp\/v2\/tags?post=2460"}],"curies":[{"name":"wp","href":"https:\/\/api.w.org\/{rel}","templated":true}]}}