{"id":2752,"date":"2016-08-02T16:24:40","date_gmt":"2016-08-02T16:24:40","guid":{"rendered":"http:\/\/entecultura.com.ar\/usina5\/?p=2752"},"modified":"2016-08-02T16:24:40","modified_gmt":"2016-08-02T16:24:40","slug":"ambrosetti-6ta-fiesta-provincial-de-los-canelones","status":"publish","type":"post","link":"https:\/\/enteculturalsantafesino.com.ar\/usina5\/2016\/08\/ambrosetti-6ta-fiesta-provincial-de-los-canelones\/","title":{"rendered":"Ambrosetti: 6ta Fiesta Provincial de los Canelones"},"content":{"rendered":"<p>El <strong>S\u00e1bado 13 de Agosto<\/strong> se realizara en nuestra localidad la <strong>6ta Fiesta Provincial de los Canelones.<\/strong> Esta edici\u00f3n contara con la actuaci\u00f3n en exclusivo de uno de los grupo revelaci\u00f3n del <strong>Folklore joven<\/strong>, estar\u00e1n presente<strong> \u201cLos Cayetanos\u201d <\/strong>agrupaci\u00f3n oriunda de la Provincia de Salta. Adem\u00e1s tambi\u00e9n le pondr\u00e1n todo el ritmo para no parar de bailar el Grupo Musical <strong>\u201cCuarta Generaci\u00f3n\u201d.<\/strong><\/p>\n<p>A los show ay que sumarle la tradicional <strong>Elecci\u00f3n de la Reina<\/strong> y por supuesto el riquisimo men\u00fa. El costo de las tarjetas es para mayores es de<strong> $260<\/strong> y para menores <strong>$200<\/strong>. Para reservar las mismas tienen que comunicarse al tel\u00e9fono de la Escuela: <strong>03491-492018.<\/strong><\/p>\n<p>Recordamos que el evento es organizado por la A<strong>sociaci\u00f3n Cooperadora Escuela N\u00ba6129<\/strong>, que al pasar las semanas van ultimando detalles para que aquellos visitantes presencien una fiesta y evento de primer nivel.<\/p>\n<p><strong>Fuente: FM Ambrosetti<\/strong><\/p>\n","protected":false},"excerpt":{"rendered":"<p>El S\u00e1bado 13 de Agosto se realizara en nuestra localidad la 6ta Fiesta Provincial de los Canelones. [&hellip;]<\/p>\n","protected":false},"author":3,"featured_media":2753,"comment_status":"open","ping_status":"open","sticky":false,"template":"","format":"standard","meta":{"_jetpack_memberships_contains_paid_content":false,"footnotes":"","jetpack_publicize_message":"","jetpack_publicize_feature_enabled":true,"jetpack_social_post_already_shared":true,"jetpack_social_options":{"image_generator_settings":{"template":"highway","enabled":false}}},"categories":[8],"tags":[],"jetpack_publicize_connections":[],"jetpack_featured_media_url":"https:\/\/enteculturalsantafesino.com.ar\/usina5\/wp-content\/uploads\/2016\/08\/10527736_693028387412512_1589854854093100291_n-660x330.jpg","jetpack_sharing_enabled":true,"_links":{"self":[{"href":"https:\/\/enteculturalsantafesino.com.ar\/usina5\/wp-json\/wp\/v2\/posts\/2752"}],"collection":[{"href":"https:\/\/enteculturalsantafesino.com.ar\/usina5\/wp-json\/wp\/v2\/posts"}],"about":[{"href":"https:\/\/enteculturalsantafesino.com.ar\/usina5\/wp-json\/wp\/v2\/types\/post"}],"author":[{"embeddable":true,"href":"https:\/\/enteculturalsantafesino.com.ar\/usina5\/wp-json\/wp\/v2\/users\/3"}],"replies":[{"embeddable":true,"href":"https:\/\/enteculturalsantafesino.com.ar\/usina5\/wp-json\/wp\/v2\/comments?post=2752"}],"version-history":[{"count":0,"href":"https:\/\/enteculturalsantafesino.com.ar\/usina5\/wp-json\/wp\/v2\/posts\/2752\/revisions"}],"wp:featuredmedia":[{"embeddable":true,"href":"https:\/\/enteculturalsantafesino.com.ar\/usina5\/wp-json\/wp\/v2\/media\/2753"}],"wp:attachment":[{"href":"https:\/\/enteculturalsantafesino.com.ar\/usina5\/wp-json\/wp\/v2\/media?parent=2752"}],"wp:term":[{"taxonomy":"category","embeddable":true,"href":"https:\/\/enteculturalsantafesino.com.ar\/usina5\/wp-json\/wp\/v2\/categories?post=2752"},{"taxonomy":"post_tag","embeddable":true,"href":"https:\/\/enteculturalsantafesino.com.ar\/usina5\/wp-json\/wp\/v2\/tags?post=2752"}],"curies":[{"name":"wp","href":"https:\/\/api.w.org\/{rel}","templated":true}]}}