{"id":2755,"date":"2016-08-02T23:50:22","date_gmt":"2016-08-02T23:50:22","guid":{"rendered":"http:\/\/entecultura.com.ar\/usina5\/?p=2755"},"modified":"2016-08-02T23:50:22","modified_gmt":"2016-08-02T23:50:22","slug":"ambrosetti-recibio-a-los-integrantes-de-la-usina-cultural-v","status":"publish","type":"post","link":"https:\/\/enteculturalsantafesino.com.ar\/usina5\/2016\/08\/ambrosetti-recibio-a-los-integrantes-de-la-usina-cultural-v\/","title":{"rendered":"Ambrosetti recibi\u00f3 a los integrantes de la Usina Cultural V"},"content":{"rendered":"\n\t\t<style type=\"text\/css\">\n\t\t\t#gallery-1 {\n\t\t\t\tmargin: auto;\n\t\t\t}\n\t\t\t#gallery-1 .gallery-item {\n\t\t\t\tfloat: left;\n\t\t\t\tmargin-top: 10px;\n\t\t\t\ttext-align: center;\n\t\t\t\twidth: 33%;\n\t\t\t}\n\t\t\t#gallery-1 img {\n\t\t\t\tborder: 2px solid #cfcfcf;\n\t\t\t}\n\t\t\t#gallery-1 .gallery-caption {\n\t\t\t\tmargin-left: 0;\n\t\t\t}\n\t\t\t\/* see gallery_shortcode() in wp-includes\/media.php *\/\n\t\t<\/style>\n\t\t<div id='gallery-1' class='gallery galleryid-2755 gallery-columns-3 gallery-size-thumbnail'><dl class='gallery-item'>\n\t\t\t<dt class='gallery-icon landscape'>\n\t\t\t\t<a href='https:\/\/enteculturalsantafesino.com.ar\/usina5\/2016\/08\/ambrosetti-recibio-a-los-integrantes-de-la-usina-cultural-v\/13900181_1736407069972694_2768879496838022059_n\/'><img loading=\"lazy\" decoding=\"async\" width=\"150\" height=\"150\" src=\"https:\/\/enteculturalsantafesino.com.ar\/usina5\/wp-content\/uploads\/2016\/08\/13900181_1736407069972694_2768879496838022059_n-150x150.jpg\" class=\"attachment-thumbnail size-thumbnail\" alt=\"\" srcset=\"https:\/\/enteculturalsantafesino.com.ar\/usina5\/wp-content\/uploads\/2016\/08\/13900181_1736407069972694_2768879496838022059_n-150x150.jpg 150w, https:\/\/enteculturalsantafesino.com.ar\/usina5\/wp-content\/uploads\/2016\/08\/13900181_1736407069972694_2768879496838022059_n-53x53.jpg 53w\" sizes=\"(max-width: 150px) 100vw, 150px\" \/><\/a>\n\t\t\t<\/dt><\/dl><dl class='gallery-item'>\n\t\t\t<dt class='gallery-icon landscape'>\n\t\t\t\t<a href='https:\/\/enteculturalsantafesino.com.ar\/usina5\/2016\/08\/ambrosetti-recibio-a-los-integrantes-de-la-usina-cultural-v\/13880247_1736407053306029_6529745301550717899_n\/'><img loading=\"lazy\" decoding=\"async\" width=\"150\" height=\"150\" src=\"https:\/\/enteculturalsantafesino.com.ar\/usina5\/wp-content\/uploads\/2016\/08\/13880247_1736407053306029_6529745301550717899_n-150x150.jpg\" class=\"attachment-thumbnail size-thumbnail\" alt=\"\" srcset=\"https:\/\/enteculturalsantafesino.com.ar\/usina5\/wp-content\/uploads\/2016\/08\/13880247_1736407053306029_6529745301550717899_n-150x150.jpg 150w, https:\/\/enteculturalsantafesino.com.ar\/usina5\/wp-content\/uploads\/2016\/08\/13880247_1736407053306029_6529745301550717899_n-53x53.jpg 53w\" sizes=\"(max-width: 150px) 100vw, 150px\" \/><\/a>\n\t\t\t<\/dt><\/dl><dl class='gallery-item'>\n\t\t\t<dt class='gallery-icon landscape'>\n\t\t\t\t<a href='https:\/\/enteculturalsantafesino.com.ar\/usina5\/2016\/08\/ambrosetti-recibio-a-los-integrantes-de-la-usina-cultural-v\/13872983_1736407556639312_8992657557583070982_n\/'><img loading=\"lazy\" decoding=\"async\" width=\"150\" height=\"150\" src=\"https:\/\/enteculturalsantafesino.com.ar\/usina5\/wp-content\/uploads\/2016\/08\/13872983_1736407556639312_8992657557583070982_n-150x150.jpg\" class=\"attachment-thumbnail size-thumbnail\" alt=\"\" srcset=\"https:\/\/enteculturalsantafesino.com.ar\/usina5\/wp-content\/uploads\/2016\/08\/13872983_1736407556639312_8992657557583070982_n-150x150.jpg 150w, https:\/\/enteculturalsantafesino.com.ar\/usina5\/wp-content\/uploads\/2016\/08\/13872983_1736407556639312_8992657557583070982_n-53x53.jpg 53w\" sizes=\"(max-width: 150px) 100vw, 150px\" \/><\/a>\n\t\t\t<\/dt><\/dl><br style=\"clear: both\" \/>\n\t\t<\/div>\n\n<p>Se llev\u00f3 a cabo en la localidad de <strong>Ambrosetti<\/strong>\u00a0en el <strong>SUM\u00a0Comunal, <\/strong>durante el \u00faltimo <strong>lunes 1 de agosto<\/strong> un nuevo encuentro de la\u00a0<strong>Usina V.<\/strong><\/p>\n<p>Bajo la coordinaci\u00f3n de la <strong>Director de la Usina Sr Ernesto Paul\u00f3n<\/strong>\u00a0se evaluaron y trataron los temas involucrados a los programas y proyectos a\u00a0ejecutarse durante el segundo semeste del corriente a\u00f1o; entre los que se destacan: <em>\u201cDe Pueblo en Pueblo\u201d, Clave de Cuento, \u201cHacelo Corto\u201d, \u201cBr\u00fajula Cultural\u201d, \u201cHistorias de Poetas Santafesinos\u201d, \u00a0\u201cSalve Argentina\u201d, \u201cO\u00edd Mortales, \u201cCabildo Cultural Santafesino\u201d, Premio \u201cJulio Migno\u201d<\/em> entre otras puntos abordados.<\/p>\n<p>Del encuentro participaron el <em>Presidente Comunal de Omar Sterren\u00a0y los Secretarios y referentes culturales de: Arruf\u00f3, Ambrosetti, Villa Trinidad y Ceres.<\/em><\/p>\n<p><strong>Ernesto Paul\u00f3n<\/strong> manifest\u00f3 su alegr\u00eda por el funcionamiento de dicha regi\u00f3n cultural y anunci\u00f3 que la Usina V seguir\u00e1 aportando mayores logros en benefici\u00f3 de la regionalizaci\u00f3n cultural en toda Santa Fe.<\/p>\n<p>La jornada de trabajo termino con una cena, degustando de\u00a0los exquisitos canelones, receta que identifica a la comunidad del norte santafesino.<\/p>\n<p>&nbsp;<\/p>\n<p>&nbsp;<\/p>\n<p>&nbsp;<\/p>\n","protected":false},"excerpt":{"rendered":"<p>Se llev\u00f3 a cabo en la localidad de Ambrosetti\u00a0en el SUM\u00a0Comunal, durante el \u00faltimo lunes 1 de [&hellip;]<\/p>\n","protected":false},"author":3,"featured_media":2757,"comment_status":"open","ping_status":"open","sticky":false,"template":"","format":"standard","meta":{"_jetpack_memberships_contains_paid_content":false,"footnotes":"","jetpack_publicize_message":"","jetpack_publicize_feature_enabled":true,"jetpack_social_post_already_shared":true,"jetpack_social_options":{"image_generator_settings":{"template":"highway","enabled":false}}},"categories":[8],"tags":[],"jetpack_publicize_connections":[],"jetpack_featured_media_url":"https:\/\/enteculturalsantafesino.com.ar\/usina5\/wp-content\/uploads\/2016\/08\/13880247_1736407053306029_6529745301550717899_n.jpg","jetpack_sharing_enabled":true,"_links":{"self":[{"href":"https:\/\/enteculturalsantafesino.com.ar\/usina5\/wp-json\/wp\/v2\/posts\/2755"}],"collection":[{"href":"https:\/\/enteculturalsantafesino.com.ar\/usina5\/wp-json\/wp\/v2\/posts"}],"about":[{"href":"https:\/\/enteculturalsantafesino.com.ar\/usina5\/wp-json\/wp\/v2\/types\/post"}],"author":[{"embeddable":true,"href":"https:\/\/enteculturalsantafesino.com.ar\/usina5\/wp-json\/wp\/v2\/users\/3"}],"replies":[{"embeddable":true,"href":"https:\/\/enteculturalsantafesino.com.ar\/usina5\/wp-json\/wp\/v2\/comments?post=2755"}],"version-history":[{"count":0,"href":"https:\/\/enteculturalsantafesino.com.ar\/usina5\/wp-json\/wp\/v2\/posts\/2755\/revisions"}],"wp:featuredmedia":[{"embeddable":true,"href":"https:\/\/enteculturalsantafesino.com.ar\/usina5\/wp-json\/wp\/v2\/media\/2757"}],"wp:attachment":[{"href":"https:\/\/enteculturalsantafesino.com.ar\/usina5\/wp-json\/wp\/v2\/media?parent=2755"}],"wp:term":[{"taxonomy":"category","embeddable":true,"href":"https:\/\/enteculturalsantafesino.com.ar\/usina5\/wp-json\/wp\/v2\/categories?post=2755"},{"taxonomy":"post_tag","embeddable":true,"href":"https:\/\/enteculturalsantafesino.com.ar\/usina5\/wp-json\/wp\/v2\/tags?post=2755"}],"curies":[{"name":"wp","href":"https:\/\/api.w.org\/{rel}","templated":true}]}}