{"id":2761,"date":"2016-08-03T22:50:01","date_gmt":"2016-08-03T22:50:01","guid":{"rendered":"http:\/\/entecultura.com.ar\/usina5\/?p=2761"},"modified":"2016-08-03T22:50:01","modified_gmt":"2016-08-03T22:50:01","slug":"arrufo-concurso-fotografico-de-la-biblioteca-popular","status":"publish","type":"post","link":"https:\/\/enteculturalsantafesino.com.ar\/usina5\/2016\/08\/arrufo-concurso-fotografico-de-la-biblioteca-popular\/","title":{"rendered":"Arruf\u00f3: Concurso Fotogr\u00e1fico de la Biblioteca Popular"},"content":{"rendered":"<p>La<strong> Biblioteca Popular \u00abMiguel Anfgel Sosa\u00bb de Arruf\u00f3<\/strong>, convoca a participar del tradicional Concurso Fotogr\u00e1fico.<\/p>\n<p>Dicho concurso, pretende a\u00f1o a a\u00f1o, que las personas presenten fotograf\u00edas en funci\u00f3n de las tem\u00e1ticas propuestas por la instituci\u00f3n, para luego realizar una exposici\u00f3n de las mismas.<\/p>\n<p>Bases y Requisistos:<\/p>\n<p>\u2022 Podr\u00e1n participar personas mayores de 15 a\u00f1os.<\/p>\n<p>\u2022 La inscripci\u00f3n ser\u00e1 libre y gratuita.<\/p>\n<p>\u2022 Cada participante podr\u00e1 presentar hasta dos obras.<\/p>\n<p>\u2022 El lema de este a\u00f1o es: \u201cEN EL MARCO DEL BICENTENARIO\u2026ARRUF\u00d3 Y SU IDENTIDAD\u201d<\/p>\n<p>\u2022 Las obras podr\u00e1n ser presentadas en blanco y negro o color, no admiti\u00e9ndose fotograf\u00edas coloreadas a mano ni fotomontajes. \u2022 Deber\u00e1n tener t\u00edtulos, y se establece como medida \u00fanica de las fotograf\u00edas 20 x 30 cm, montadas sobre un cart\u00f3n de cualquier color liso, 30 x 40 cm.<\/p>\n<p>\u2022 Se admite un solo autor por obra, y quedar\u00e1n fuera de concurso las que lleguen deterioradas o rotas.<\/p>\n<p>\u2022 Fecha de entrega de las fotos hasta el Jueves 11 de Agosto, en la instituci\u00f3n.<\/p>\n<p>\u2022 El jurado estar\u00e1 constituido por fot\u00f3grafos profesionales de nuestra localidad. \u2022 Establecer\u00e1n primero, segundo y tercer premio. Se mencionar\u00e1 tambi\u00e9n la fotograf\u00eda elegida por el p\u00fablico asistente.<\/p>\n<p>\u2022 Se tendr\u00e1 en cuenta, el nivel expresivo y t\u00e9cnico, el tema y modo de expresarlo, la creatividad, la composici\u00f3n t\u00e9cnica de la toma y la presentaci\u00f3n.<\/p>\n<p>\u2022 Deber\u00e1 constar al dorso de las fotograf\u00edas presentadas, el nombre y n\u00famero de documento del autor de la misma. <strong>Sugerencia<\/strong>: La Comisi\u00f3n Directiva posee un \u00e1lbum archivo sobre los Concursos Fotogr\u00e1ficos realizados por lo cual solicitamos a quienes deseen, nos acerquen una copia de la fotograf\u00eda participante del tama\u00f1o 10 x 15 para ser archivada en el mismo.<\/p>\n","protected":false},"excerpt":{"rendered":"<p>La Biblioteca Popular \u00abMiguel Anfgel Sosa\u00bb de Arruf\u00f3, convoca a participar del tradicional Concurso Fotogr\u00e1fico. Dicho concurso, [&hellip;]<\/p>\n","protected":false},"author":3,"featured_media":2762,"comment_status":"open","ping_status":"open","sticky":false,"template":"","format":"standard","meta":{"_jetpack_memberships_contains_paid_content":false,"footnotes":"","jetpack_publicize_message":"","jetpack_publicize_feature_enabled":true,"jetpack_social_post_already_shared":true,"jetpack_social_options":{"image_generator_settings":{"template":"highway","enabled":false}}},"categories":[4],"tags":[],"jetpack_publicize_connections":[],"jetpack_featured_media_url":"https:\/\/enteculturalsantafesino.com.ar\/usina5\/wp-content\/uploads\/2016\/08\/13884535_10210163611113101_1505484805_n.jpg","jetpack_sharing_enabled":true,"_links":{"self":[{"href":"https:\/\/enteculturalsantafesino.com.ar\/usina5\/wp-json\/wp\/v2\/posts\/2761"}],"collection":[{"href":"https:\/\/enteculturalsantafesino.com.ar\/usina5\/wp-json\/wp\/v2\/posts"}],"about":[{"href":"https:\/\/enteculturalsantafesino.com.ar\/usina5\/wp-json\/wp\/v2\/types\/post"}],"author":[{"embeddable":true,"href":"https:\/\/enteculturalsantafesino.com.ar\/usina5\/wp-json\/wp\/v2\/users\/3"}],"replies":[{"embeddable":true,"href":"https:\/\/enteculturalsantafesino.com.ar\/usina5\/wp-json\/wp\/v2\/comments?post=2761"}],"version-history":[{"count":0,"href":"https:\/\/enteculturalsantafesino.com.ar\/usina5\/wp-json\/wp\/v2\/posts\/2761\/revisions"}],"wp:featuredmedia":[{"embeddable":true,"href":"https:\/\/enteculturalsantafesino.com.ar\/usina5\/wp-json\/wp\/v2\/media\/2762"}],"wp:attachment":[{"href":"https:\/\/enteculturalsantafesino.com.ar\/usina5\/wp-json\/wp\/v2\/media?parent=2761"}],"wp:term":[{"taxonomy":"category","embeddable":true,"href":"https:\/\/enteculturalsantafesino.com.ar\/usina5\/wp-json\/wp\/v2\/categories?post=2761"},{"taxonomy":"post_tag","embeddable":true,"href":"https:\/\/enteculturalsantafesino.com.ar\/usina5\/wp-json\/wp\/v2\/tags?post=2761"}],"curies":[{"name":"wp","href":"https:\/\/api.w.org\/{rel}","templated":true}]}}