{"id":2765,"date":"2016-08-12T11:54:16","date_gmt":"2016-08-12T11:54:16","guid":{"rendered":"http:\/\/entecultura.com.ar\/usina5\/?p=2765"},"modified":"2016-08-12T11:54:16","modified_gmt":"2016-08-12T11:54:16","slug":"ambrosetti-celebro-su-124-aniversario","status":"publish","type":"post","link":"https:\/\/enteculturalsantafesino.com.ar\/usina5\/2016\/08\/ambrosetti-celebro-su-124-aniversario\/","title":{"rendered":"Ambrosetti celebr\u00f3 su 124\u00b0 aniversario"},"content":{"rendered":"<p>El\u00a0<strong>martes 9 de agosto<\/strong>, <strong>Ambrosetti<\/strong> festejo su cumplea\u00f1os n\u00famero 124 , a partir de las 15 hs se realizaron en la plaza San Martin los agasajos \u00a0del d\u00eda del ni\u00f1os , con juegos , castillo, golosinas , jugo , m\u00fasica , bailes ellos , a cargos del Grupo Juvenil, Comisi\u00f3n Cultural y la presencia del<strong> presidente comunal Omar Sterren.<\/strong><\/p>\n<p>A partir de las <strong>19 hs<\/strong> para el cierre de los festejos, en el Club San Lorenzo actu\u00f3 el solista sanguillermino Claudio Garrone , interpretando distintos estilos musicales , el conjunto chamamecero el \u00d1ato Orellano y sus Amigos , el buffet y venta de comida a cargo de la comisi\u00f3n directiva del Club.<\/p>\n","protected":false},"excerpt":{"rendered":"<p>El\u00a0martes 9 de agosto, Ambrosetti festejo su cumplea\u00f1os n\u00famero 124 , a partir de las 15 hs [&hellip;]<\/p>\n","protected":false},"author":3,"featured_media":2766,"comment_status":"open","ping_status":"open","sticky":false,"template":"","format":"standard","meta":{"_jetpack_memberships_contains_paid_content":false,"footnotes":"","jetpack_publicize_message":"","jetpack_publicize_feature_enabled":true,"jetpack_social_post_already_shared":true,"jetpack_social_options":{"image_generator_settings":{"template":"highway","enabled":false}}},"categories":[8],"tags":[],"jetpack_publicize_connections":[],"jetpack_featured_media_url":"https:\/\/enteculturalsantafesino.com.ar\/usina5\/wp-content\/uploads\/2016\/08\/ec8a6c3d-8763-46e1-b15d-17704f8de6c4.jpg","jetpack_sharing_enabled":true,"_links":{"self":[{"href":"https:\/\/enteculturalsantafesino.com.ar\/usina5\/wp-json\/wp\/v2\/posts\/2765"}],"collection":[{"href":"https:\/\/enteculturalsantafesino.com.ar\/usina5\/wp-json\/wp\/v2\/posts"}],"about":[{"href":"https:\/\/enteculturalsantafesino.com.ar\/usina5\/wp-json\/wp\/v2\/types\/post"}],"author":[{"embeddable":true,"href":"https:\/\/enteculturalsantafesino.com.ar\/usina5\/wp-json\/wp\/v2\/users\/3"}],"replies":[{"embeddable":true,"href":"https:\/\/enteculturalsantafesino.com.ar\/usina5\/wp-json\/wp\/v2\/comments?post=2765"}],"version-history":[{"count":0,"href":"https:\/\/enteculturalsantafesino.com.ar\/usina5\/wp-json\/wp\/v2\/posts\/2765\/revisions"}],"wp:featuredmedia":[{"embeddable":true,"href":"https:\/\/enteculturalsantafesino.com.ar\/usina5\/wp-json\/wp\/v2\/media\/2766"}],"wp:attachment":[{"href":"https:\/\/enteculturalsantafesino.com.ar\/usina5\/wp-json\/wp\/v2\/media?parent=2765"}],"wp:term":[{"taxonomy":"category","embeddable":true,"href":"https:\/\/enteculturalsantafesino.com.ar\/usina5\/wp-json\/wp\/v2\/categories?post=2765"},{"taxonomy":"post_tag","embeddable":true,"href":"https:\/\/enteculturalsantafesino.com.ar\/usina5\/wp-json\/wp\/v2\/tags?post=2765"}],"curies":[{"name":"wp","href":"https:\/\/api.w.org\/{rel}","templated":true}]}}