{"id":2812,"date":"2016-09-20T10:08:07","date_gmt":"2016-09-20T10:08:07","guid":{"rendered":"http:\/\/entecultura.com.ar\/usina5\/?p=2812"},"modified":"2016-09-20T10:08:07","modified_gmt":"2016-09-20T10:08:07","slug":"el-delirio-y-la-lluvia-se-presentara-en-comunidades-del-ente-cultural-santafesino","status":"publish","type":"post","link":"https:\/\/enteculturalsantafesino.com.ar\/usina5\/2016\/09\/el-delirio-y-la-lluvia-se-presentara-en-comunidades-del-ente-cultural-santafesino\/","title":{"rendered":"\u00abEl Delirio y la lluvia\u00bb se presentar\u00e1 en comunidades del Ente Cultural Santafesino"},"content":{"rendered":"<blockquote><p>Pilar, San Crist\u00f3bal, San Guillermo, Villa Trinidad, Arruf\u00f3 y Villa Trinidad disfrutar\u00e1n de esta maravillosa obra hist\u00f3rica.<\/p><\/blockquote>\n<p>A trav\u00e9s del Programa Cultural\u00a0<strong>\u201cCompartiendo Cultura\u201d\u00a0<\/strong>llega a las\u00a0<strong>Usinas Culturales II y V\u00a0<\/strong>la obra teatral \u00a0<b>\u201cEl Delirio y la Lluvia\u201d<\/b>, unipersonal sobre la vida del General Manuel Belgrano.<\/p>\n<p>Con el auspicio del<b><i>\u00a0<\/i><a href=\"http:\/\/www.enteculturalsantafesino.com.ar\/\">Ente Cultural Santafesino <\/a><\/b>dicha propuesta continua\u00a0recorriendo las distintas comunidades<b><i>\u00a0<\/i><\/b>adheridas a este espacio cultural.<a href=\"http:\/\/www.enteculturalsantafesino.com.ar\/\">.<\/a><\/p>\n<p><strong>\u201cEl Delirio y la Lluvia\u201d<\/strong><\/p>\n<p>Bajo la direcci\u00f3n de\u00a0<b><i>Carlos Romagnoli<\/i><\/b>\u00a0nos cuenta que quiere, a trav\u00e9s de la obra, crear un retrato de este pr\u00f3cer que luch\u00f3 contra todo para cumplir el sue\u00f1o de su Naci\u00f3n.\u00a0<em>\u201cBusca mostrar al hombre en toda su tenacidad, en toda su gloria y en toda su miseria\u201d. La obra empieza cuando Belgrano acaba de morir, el tiempo que hay sobre el sue\u00f1o definitivo y la vigilia previa. En ese momento hace un recorrido de su vida, con lo bueno, lo malo, lo feliz y lo triste que vivi\u00f3 para conseguir lo que quer\u00eda\u201d.<\/em><\/p>\n<p>Con una excelente actuaci\u00f3n de\u00a0<b><i>Diego Bollero<\/i><\/b>\u00a0este unipersonal se prepara para recorrer las distintas localidades\u00a0pertenecientes al Depto Castellanos y San Crist\u00f3bal.<\/p>\n<p>Las funciones ser\u00e1n en:<\/p>\n<p><strong>Pilar:<\/strong> Lunes 26 -11hs &#8211; Sociedad Italo Argentino<\/p>\n<p><strong>San Crist\u00f3bal:<\/strong> Martes 27- 20:30hs &#8211; Biblioteca Popular San Martin<\/p>\n<p><strong>San Guillermo:<\/strong> Mi\u00e9rcoles 28 &#8211; 9hs &#8211; Sal\u00f3n Cultural Comunal<\/p>\n<p><strong>Villa Trinidad:<\/strong> Jueves 29 &#8211; 10hs &#8211; Sede Club Libertad Trinidad<\/p>\n<p><strong>Arruf\u00f3:<\/strong> Jueves 29 &#8211; 16hs &#8211; Polideportivo de la EESO N\u00b0 245<\/p>\n<p><strong>Hersilia:<\/strong> Viernes 30<\/p>\n","protected":false},"excerpt":{"rendered":"<p>Pilar, San Crist\u00f3bal, San Guillermo, Villa Trinidad, Arruf\u00f3 y Villa Trinidad disfrutar\u00e1n de esta maravillosa obra hist\u00f3rica. [&hellip;]<\/p>\n","protected":false},"author":3,"featured_media":2817,"comment_status":"open","ping_status":"open","sticky":false,"template":"","format":"standard","meta":{"_jetpack_memberships_contains_paid_content":false,"footnotes":"","jetpack_publicize_message":"","jetpack_publicize_feature_enabled":true,"jetpack_social_post_already_shared":true,"jetpack_social_options":{"image_generator_settings":{"template":"highway","enabled":false}}},"categories":[4,6,12,10,5],"tags":[],"jetpack_publicize_connections":[],"jetpack_featured_media_url":"https:\/\/enteculturalsantafesino.com.ar\/usina5\/wp-content\/uploads\/2016\/09\/14017751_1240269525984693_614811535_n.jpg","jetpack_sharing_enabled":true,"_links":{"self":[{"href":"https:\/\/enteculturalsantafesino.com.ar\/usina5\/wp-json\/wp\/v2\/posts\/2812"}],"collection":[{"href":"https:\/\/enteculturalsantafesino.com.ar\/usina5\/wp-json\/wp\/v2\/posts"}],"about":[{"href":"https:\/\/enteculturalsantafesino.com.ar\/usina5\/wp-json\/wp\/v2\/types\/post"}],"author":[{"embeddable":true,"href":"https:\/\/enteculturalsantafesino.com.ar\/usina5\/wp-json\/wp\/v2\/users\/3"}],"replies":[{"embeddable":true,"href":"https:\/\/enteculturalsantafesino.com.ar\/usina5\/wp-json\/wp\/v2\/comments?post=2812"}],"version-history":[{"count":0,"href":"https:\/\/enteculturalsantafesino.com.ar\/usina5\/wp-json\/wp\/v2\/posts\/2812\/revisions"}],"wp:featuredmedia":[{"embeddable":true,"href":"https:\/\/enteculturalsantafesino.com.ar\/usina5\/wp-json\/wp\/v2\/media\/2817"}],"wp:attachment":[{"href":"https:\/\/enteculturalsantafesino.com.ar\/usina5\/wp-json\/wp\/v2\/media?parent=2812"}],"wp:term":[{"taxonomy":"category","embeddable":true,"href":"https:\/\/enteculturalsantafesino.com.ar\/usina5\/wp-json\/wp\/v2\/categories?post=2812"},{"taxonomy":"post_tag","embeddable":true,"href":"https:\/\/enteculturalsantafesino.com.ar\/usina5\/wp-json\/wp\/v2\/tags?post=2812"}],"curies":[{"name":"wp","href":"https:\/\/api.w.org\/{rel}","templated":true}]}}