{"id":3065,"date":"2017-05-15T10:49:26","date_gmt":"2017-05-15T10:49:26","guid":{"rendered":"http:\/\/enteculturalsantafesino.com.ar\/usina5\/?p=3065"},"modified":"2017-05-15T10:49:26","modified_gmt":"2017-05-15T10:49:26","slug":"ambrosetti-apertura-de-los-talleres-comunales","status":"publish","type":"post","link":"https:\/\/enteculturalsantafesino.com.ar\/usina5\/2017\/05\/ambrosetti-apertura-de-los-talleres-comunales\/","title":{"rendered":"Ambrosetti: Apertura de los Talleres Comunales"},"content":{"rendered":"<p>Durante el mes de abril la <strong>Comisi\u00f3n Cultura y la Comuna de Ambrosetti<\/strong> \u00a0dieron comienzo los <strong>Talleres comunales<\/strong> tejido a crochet, reciclado, costura, danza folcl\u00f3rica, este s\u00e1bado 13 dio inicio el taller de pasteler\u00eda. Una gran convocatoria en todos talleres, los mismos se desarrollan en el sal\u00f3n cultural y pasteler\u00eda en el comedor comunitario.<\/p>\n<p><strong>Tejido a crochet: Sra. Alicia de Salera. Martes de 14:00 hs a 16:00hs<\/strong><\/p>\n<p><strong>Reciclado: Sra. Analia \u00a0Palavecino. Jueves de 16: 30 hs a 18:30<\/strong><\/p>\n<p><strong>Folclore: Sra. Ivana Barrio. Jueves de 18:30 hs a 20:00 hs infantiles<\/strong><\/p>\n<p><strong>Grupo juvenil desde las 20:00 hs en adelante.<\/strong><\/p>\n<p><strong>Costura: Sra. Nidia Sterren. Viernes de 15:30 hs a 17:30 hs<\/strong><\/p>\n<p><strong>Pasteler\u00eda: Sr. V\u00edctor Ju\u00e1rez. S\u00e1bados de 14:30 hs a 17:30 hs.<\/strong><\/p>\n<p><strong><br \/>\n<\/strong><\/p>\n<p>&nbsp;<\/p>\n","protected":false},"excerpt":{"rendered":"<p>Durante el mes de abril la Comisi\u00f3n Cultura y la Comuna de Ambrosetti \u00a0dieron comienzo los Talleres [&hellip;]<\/p>\n","protected":false},"author":3,"featured_media":3066,"comment_status":"open","ping_status":"open","sticky":false,"template":"","format":"standard","meta":{"_jetpack_memberships_contains_paid_content":false,"footnotes":"","jetpack_publicize_message":"","jetpack_publicize_feature_enabled":true,"jetpack_social_post_already_shared":true,"jetpack_social_options":{"image_generator_settings":{"template":"highway","enabled":false}}},"categories":[8],"tags":[],"jetpack_publicize_connections":[],"jetpack_featured_media_url":"https:\/\/enteculturalsantafesino.com.ar\/usina5\/wp-content\/uploads\/2017\/05\/unnamed.jpg","jetpack_sharing_enabled":true,"_links":{"self":[{"href":"https:\/\/enteculturalsantafesino.com.ar\/usina5\/wp-json\/wp\/v2\/posts\/3065"}],"collection":[{"href":"https:\/\/enteculturalsantafesino.com.ar\/usina5\/wp-json\/wp\/v2\/posts"}],"about":[{"href":"https:\/\/enteculturalsantafesino.com.ar\/usina5\/wp-json\/wp\/v2\/types\/post"}],"author":[{"embeddable":true,"href":"https:\/\/enteculturalsantafesino.com.ar\/usina5\/wp-json\/wp\/v2\/users\/3"}],"replies":[{"embeddable":true,"href":"https:\/\/enteculturalsantafesino.com.ar\/usina5\/wp-json\/wp\/v2\/comments?post=3065"}],"version-history":[{"count":1,"href":"https:\/\/enteculturalsantafesino.com.ar\/usina5\/wp-json\/wp\/v2\/posts\/3065\/revisions"}],"predecessor-version":[{"id":3067,"href":"https:\/\/enteculturalsantafesino.com.ar\/usina5\/wp-json\/wp\/v2\/posts\/3065\/revisions\/3067"}],"wp:featuredmedia":[{"embeddable":true,"href":"https:\/\/enteculturalsantafesino.com.ar\/usina5\/wp-json\/wp\/v2\/media\/3066"}],"wp:attachment":[{"href":"https:\/\/enteculturalsantafesino.com.ar\/usina5\/wp-json\/wp\/v2\/media?parent=3065"}],"wp:term":[{"taxonomy":"category","embeddable":true,"href":"https:\/\/enteculturalsantafesino.com.ar\/usina5\/wp-json\/wp\/v2\/categories?post=3065"},{"taxonomy":"post_tag","embeddable":true,"href":"https:\/\/enteculturalsantafesino.com.ar\/usina5\/wp-json\/wp\/v2\/tags?post=3065"}],"curies":[{"name":"wp","href":"https:\/\/api.w.org\/{rel}","templated":true}]}}