{"id":3465,"date":"2018-04-19T15:32:57","date_gmt":"2018-04-19T15:32:57","guid":{"rendered":"http:\/\/enteculturalsantafesino.com.ar\/usina5\/?p=3465"},"modified":"2018-04-19T15:32:57","modified_gmt":"2018-04-19T15:32:57","slug":"muestra-fotografica-de-cira-ines-monge-micromundos-en-la-ciudad","status":"publish","type":"post","link":"https:\/\/enteculturalsantafesino.com.ar\/usina5\/2018\/04\/muestra-fotografica-de-cira-ines-monge-micromundos-en-la-ciudad\/","title":{"rendered":"Muestra Fotogr\u00e1fica de Cira In\u00e9s Monge \u201cMicromundos en la Ciudad\u201d"},"content":{"rendered":"<p>En marco de las Fiestas Patronales, la Municipalidad de Suardi organiza e invita al p\u00fablico a participar de la Muestra Fotogr\u00e1fica de Cira In\u00e9s Monge \u201cMicromundos en la Ciudad\u201d<\/p>\n<p>La misma, se desarrollar\u00e1 el domingo 22\/04, desde las 19:00 hs en el SUM del Ferrocarril.<\/p>\n<div class=\"m_3309707370462072766gmail-text_exposed_show\">\n<p>Con esta muestra, Cira intentar\u00e1 hacerl@s sentir part\u00edcipes y reflejar que su realidad, es tambi\u00e9n la realidad de cada uno. Buscar\u00e1 recobrar el sentido del asombro por los detalles, y disfrutar todo el rato que sea necesario para que tod@s puedan descubrir la belleza que constantemente nos rodea y que muchas veces pasamos por alto.<\/p>\n<p>Por Cira: \u201cCuando hablo de \u201cMicro\u201d hago referencia a lo peque\u00f1o, pero nada tiene que ver con las tradicionales mediciones de los tama\u00f1os y lo que ellos ocupan. Hablo de mundos que se nos revelan en nuestros espacios cotidianamente, en nuestro camino. Esos que a veces menospreciamos por bicicletear apurad@s o estar con los ojos entreabiertos por el cansancio, dentro de nuestra peque\u00f1a ciudad suardense. Hago referencia al frenar y crear una conexi\u00f3n con los sujetos y los objetos, a dejar de ver para empezar a mirar\u201d.<\/p>\n<\/div>\n","protected":false},"excerpt":{"rendered":"<p>En marco de las Fiestas Patronales, la Municipalidad de Suardi organiza e invita al p\u00fablico a participar [&hellip;]<\/p>\n","protected":false},"author":3,"featured_media":3466,"comment_status":"open","ping_status":"open","sticky":false,"template":"","format":"standard","meta":{"_jetpack_memberships_contains_paid_content":false,"footnotes":"","jetpack_publicize_message":"","jetpack_publicize_feature_enabled":true,"jetpack_social_post_already_shared":true,"jetpack_social_options":{"image_generator_settings":{"template":"highway","enabled":false}}},"categories":[2],"tags":[],"jetpack_publicize_connections":[],"jetpack_featured_media_url":"https:\/\/enteculturalsantafesino.com.ar\/usina5\/wp-content\/uploads\/2018\/04\/Muestra-Fotogr\u00e1fica-Cira.jpg","jetpack_sharing_enabled":true,"_links":{"self":[{"href":"https:\/\/enteculturalsantafesino.com.ar\/usina5\/wp-json\/wp\/v2\/posts\/3465"}],"collection":[{"href":"https:\/\/enteculturalsantafesino.com.ar\/usina5\/wp-json\/wp\/v2\/posts"}],"about":[{"href":"https:\/\/enteculturalsantafesino.com.ar\/usina5\/wp-json\/wp\/v2\/types\/post"}],"author":[{"embeddable":true,"href":"https:\/\/enteculturalsantafesino.com.ar\/usina5\/wp-json\/wp\/v2\/users\/3"}],"replies":[{"embeddable":true,"href":"https:\/\/enteculturalsantafesino.com.ar\/usina5\/wp-json\/wp\/v2\/comments?post=3465"}],"version-history":[{"count":1,"href":"https:\/\/enteculturalsantafesino.com.ar\/usina5\/wp-json\/wp\/v2\/posts\/3465\/revisions"}],"predecessor-version":[{"id":3467,"href":"https:\/\/enteculturalsantafesino.com.ar\/usina5\/wp-json\/wp\/v2\/posts\/3465\/revisions\/3467"}],"wp:featuredmedia":[{"embeddable":true,"href":"https:\/\/enteculturalsantafesino.com.ar\/usina5\/wp-json\/wp\/v2\/media\/3466"}],"wp:attachment":[{"href":"https:\/\/enteculturalsantafesino.com.ar\/usina5\/wp-json\/wp\/v2\/media?parent=3465"}],"wp:term":[{"taxonomy":"category","embeddable":true,"href":"https:\/\/enteculturalsantafesino.com.ar\/usina5\/wp-json\/wp\/v2\/categories?post=3465"},{"taxonomy":"post_tag","embeddable":true,"href":"https:\/\/enteculturalsantafesino.com.ar\/usina5\/wp-json\/wp\/v2\/tags?post=3465"}],"curies":[{"name":"wp","href":"https:\/\/api.w.org\/{rel}","templated":true}]}}