{"id":3471,"date":"2018-04-27T01:47:40","date_gmt":"2018-04-27T01:47:40","guid":{"rendered":"http:\/\/enteculturalsantafesino.com.ar\/usina5\/?p=3471"},"modified":"2018-04-27T01:47:40","modified_gmt":"2018-04-27T01:47:40","slug":"en-san-guillermo-se-reunio-la-usina-cultural-v","status":"publish","type":"post","link":"https:\/\/enteculturalsantafesino.com.ar\/usina5\/2018\/04\/en-san-guillermo-se-reunio-la-usina-cultural-v\/","title":{"rendered":"En San Guillermo se reuni\u00f3 la Usina Cultural V"},"content":{"rendered":"<p>El pasado<strong> mi\u00e9rcoles 25 de abril<\/strong>, se llevo a cabo en <strong>San Guillermo<\/strong>, la reuni\u00f3n de<strong> Usina V<\/strong>.<\/p>\n<p>El <strong>Intendente de la Municipalidad de San Guillermo Daniel Martina<\/strong>, dio la bienvenida a los presentes.<\/p>\n<p>A la misma asistieron la <em>Directora de Usina V, Profesora Alejandra Barrios; la Secretaria de\u00a0Cultura de Monte Oscuridad Carolina Gaido, el Secretario de Cultura de la localidad de Hersilia, Ram\u00f3n Gimenez;\u00a0 el Secretario de Cultura de Ambrosetti, Cesar Acosta, los referentes culturales de la Biblioteca Miguel \u00c1ngel Sosa de Arrufo, Ivana Barrios y Mabel\u00a0 Bertol\u00ecn, Ver\u00f3nica Fenoglio y la Secretaria anfitriona de la Municipalidad de San Guillermo, Sonia Martina.<\/em><\/p>\n<p>La reuni\u00f3n abord\u00f3 los siguientes programas y actividades:<em>\u201cAromas Santafesinos\u201d, \u201cDe Pedroni a Pavese ida y vuelta\u201d, \u201cFrancotrinadores\u201d y \u201cPuebloman\u00eda\u201d.<\/em><\/p>\n<p><b>Adem\u00e1s\u00a0<\/b>se abord\u00f3 sobre los<b>\u00a0<\/b>los programas \u201cHacelo Corto\u201d,\u00a0<strong>\u201cCooltura\u201d<\/strong>el cual\u00a0tendr\u00e1 lugar en Rosario y\u00a0<strong>\u201cForma y Color\u201d<\/strong>\u00a0en Santa Fe, para que tanto dise\u00f1adores textiles como artistas pl\u00e1sticos puedas presentar sus prendas u obras en grandes ciudades, mostrando la riqueza que tiene Santa Fe.<\/p>\n<p>Tambi\u00e9n se present\u00f3 el\u00a0<strong>\u201cII Torneo Provincial de Bolitas\u201d<\/strong>\u00a0en las tres instancias: local, regional\u00a0y final.<\/p>\n<p>Se dio a conocer el concurso fotogr\u00e1fico\u00a0<strong>\u201cOjos de Santa Fe\u201d<\/strong>\u00a0para fot\u00f3grafos y aficionados este a\u00f1o la tem\u00e1tica ser\u00e1n las plazas.<\/p>\n<p>Se habl\u00f3 de \u00a0la importancia del\u00a0<strong>\u201cCabildo Cultural Santafesino\u201d<\/strong>, y el cierre de a\u00f1o con la\u00a0<strong>\u201cFiesta de los Pueblos\u201d<\/strong><\/p>\n","protected":false},"excerpt":{"rendered":"<p>El pasado mi\u00e9rcoles 25 de abril, se llevo a cabo en San Guillermo, la reuni\u00f3n de Usina [&hellip;]<\/p>\n","protected":false},"author":3,"featured_media":3472,"comment_status":"open","ping_status":"open","sticky":false,"template":"","format":"standard","meta":{"_jetpack_memberships_contains_paid_content":false,"footnotes":"","jetpack_publicize_message":"","jetpack_publicize_feature_enabled":true,"jetpack_social_post_already_shared":true,"jetpack_social_options":{"image_generator_settings":{"template":"highway","enabled":false}}},"categories":[6,10],"tags":[],"jetpack_publicize_connections":[],"jetpack_featured_media_url":"https:\/\/enteculturalsantafesino.com.ar\/usina5\/wp-content\/uploads\/2018\/04\/31007096_568148543571289_1404057458_o.jpg","jetpack_sharing_enabled":true,"_links":{"self":[{"href":"https:\/\/enteculturalsantafesino.com.ar\/usina5\/wp-json\/wp\/v2\/posts\/3471"}],"collection":[{"href":"https:\/\/enteculturalsantafesino.com.ar\/usina5\/wp-json\/wp\/v2\/posts"}],"about":[{"href":"https:\/\/enteculturalsantafesino.com.ar\/usina5\/wp-json\/wp\/v2\/types\/post"}],"author":[{"embeddable":true,"href":"https:\/\/enteculturalsantafesino.com.ar\/usina5\/wp-json\/wp\/v2\/users\/3"}],"replies":[{"embeddable":true,"href":"https:\/\/enteculturalsantafesino.com.ar\/usina5\/wp-json\/wp\/v2\/comments?post=3471"}],"version-history":[{"count":1,"href":"https:\/\/enteculturalsantafesino.com.ar\/usina5\/wp-json\/wp\/v2\/posts\/3471\/revisions"}],"predecessor-version":[{"id":3473,"href":"https:\/\/enteculturalsantafesino.com.ar\/usina5\/wp-json\/wp\/v2\/posts\/3471\/revisions\/3473"}],"wp:featuredmedia":[{"embeddable":true,"href":"https:\/\/enteculturalsantafesino.com.ar\/usina5\/wp-json\/wp\/v2\/media\/3472"}],"wp:attachment":[{"href":"https:\/\/enteculturalsantafesino.com.ar\/usina5\/wp-json\/wp\/v2\/media?parent=3471"}],"wp:term":[{"taxonomy":"category","embeddable":true,"href":"https:\/\/enteculturalsantafesino.com.ar\/usina5\/wp-json\/wp\/v2\/categories?post=3471"},{"taxonomy":"post_tag","embeddable":true,"href":"https:\/\/enteculturalsantafesino.com.ar\/usina5\/wp-json\/wp\/v2\/tags?post=3471"}],"curies":[{"name":"wp","href":"https:\/\/api.w.org\/{rel}","templated":true}]}}