{"id":3496,"date":"2018-05-31T00:40:43","date_gmt":"2018-05-31T00:40:43","guid":{"rendered":"http:\/\/enteculturalsantafesino.com.ar\/usina5\/?p=3496"},"modified":"2018-05-31T00:40:43","modified_gmt":"2018-05-31T00:40:43","slug":"alumnas-de-nivel-primario-de-san-guillermo-disfrutaron-de-leyendo-a-julio-migno","status":"publish","type":"post","link":"https:\/\/enteculturalsantafesino.com.ar\/usina5\/2018\/05\/alumnas-de-nivel-primario-de-san-guillermo-disfrutaron-de-leyendo-a-julio-migno\/","title":{"rendered":"Alumnas de Nivel Primario de San Guillermo disfrutaron de \u00abLeyendo a Julio Migno\u00bb"},"content":{"rendered":"<p>En la tarde del\u00a0<strong>mi\u00e9rcoles 30<\/strong>\u00a0en las<b>\u00a0instalaciones\u00a0<\/b>del<b>\u00a0ISPI N\u00b0 4006 Santa Catalina de Siena,\u00a0<\/b>alumnas de Nivel Primario abordaron e descubrieron esta nueva herramienta denominada:\u00a0<strong>\u201cLeyendo a Julio Migno\u201d<\/strong>\u00a0, la cual es destinada a los distintos Profesorados de la provincial, contando con el auspicio de la <strong>Diputada Provincial Claudia Giaccone.<\/strong><\/p>\n<p>La hija del ilustre escritor sanjavierino lleg\u00f3 a la ciudad del depto San Crist\u00f3bal y despleg\u00f3 todo su conocimiento, profesionalismo y carisma para reflejar e introducir desde los futuros educadores la literatura de Don Julio.<\/p>\n<p>La recepci\u00f3n estuvo a cargo de la <strong>Secretaria de Cultura local Sonia Martina<\/strong> quien agradeci\u00f3 a la <strong>Diputada Giaccone<\/strong> y al<strong> Ente Cultural Santafesino<\/strong> por contar con la maravillosa visita de <strong>Olga Migno.<\/strong><\/p>\n<p>Por su parte Olga remarc\u00f3 que es muy loable el trabajo que se viene haciendo desde el Ente Cultural y la apuesta de Claudia Giaccone, quien es una legisladora nacida en la pampa gringa de nuestra provincia y se comprometi\u00f3 con la obra del viejo y nosotros venimos a profundizar el camino trazado por el.<\/p>\n<p>Desde este propuesta se pretende favorecer la estimaci\u00f3n de nuestros valores literarios tanto provinciales como comarcales.<\/p>\n<p>Espacios\u00a0 diversos, tanto pedag\u00f3gicos como culturales, sociales y pol\u00edticos,\u00a0 ha aumentado la necesidad de valorizar con fuerza creciente las literaturas de las distintas regiones. Esto se debe entre otras cuestiones a la permanente amenaza que ejerce sobre nuestras particularidades regionales, una literatura nacional, omnipresente y can\u00f3nica.<\/p>\n<p>Dicha iniciativa aspira a unir a trav\u00e9s de una clara\u00a0 relaci\u00f3n de identidad,\u00a0 los hechos socio culturales que como comunidad nos han atravesado con el producto art\u00edstico-literario que nos ocupa.<\/p>\n","protected":false},"excerpt":{"rendered":"<p>En la tarde del\u00a0mi\u00e9rcoles 30\u00a0en las\u00a0instalaciones\u00a0del\u00a0ISPI N\u00b0 4006 Santa Catalina de Siena,\u00a0alumnas de Nivel Primario abordaron e [&hellip;]<\/p>\n","protected":false},"author":3,"featured_media":3497,"comment_status":"open","ping_status":"open","sticky":false,"template":"","format":"standard","meta":{"_jetpack_memberships_contains_paid_content":false,"footnotes":"","jetpack_publicize_message":"","jetpack_publicize_feature_enabled":true,"jetpack_social_post_already_shared":true,"jetpack_social_options":{"image_generator_settings":{"template":"highway","enabled":false}}},"categories":[6,10],"tags":[],"jetpack_publicize_connections":[],"jetpack_featured_media_url":"https:\/\/enteculturalsantafesino.com.ar\/usina5\/wp-content\/uploads\/2018\/05\/34012099_582643805455096_4750293967508078592_n.jpg","jetpack_sharing_enabled":true,"_links":{"self":[{"href":"https:\/\/enteculturalsantafesino.com.ar\/usina5\/wp-json\/wp\/v2\/posts\/3496"}],"collection":[{"href":"https:\/\/enteculturalsantafesino.com.ar\/usina5\/wp-json\/wp\/v2\/posts"}],"about":[{"href":"https:\/\/enteculturalsantafesino.com.ar\/usina5\/wp-json\/wp\/v2\/types\/post"}],"author":[{"embeddable":true,"href":"https:\/\/enteculturalsantafesino.com.ar\/usina5\/wp-json\/wp\/v2\/users\/3"}],"replies":[{"embeddable":true,"href":"https:\/\/enteculturalsantafesino.com.ar\/usina5\/wp-json\/wp\/v2\/comments?post=3496"}],"version-history":[{"count":1,"href":"https:\/\/enteculturalsantafesino.com.ar\/usina5\/wp-json\/wp\/v2\/posts\/3496\/revisions"}],"predecessor-version":[{"id":3498,"href":"https:\/\/enteculturalsantafesino.com.ar\/usina5\/wp-json\/wp\/v2\/posts\/3496\/revisions\/3498"}],"wp:featuredmedia":[{"embeddable":true,"href":"https:\/\/enteculturalsantafesino.com.ar\/usina5\/wp-json\/wp\/v2\/media\/3497"}],"wp:attachment":[{"href":"https:\/\/enteculturalsantafesino.com.ar\/usina5\/wp-json\/wp\/v2\/media?parent=3496"}],"wp:term":[{"taxonomy":"category","embeddable":true,"href":"https:\/\/enteculturalsantafesino.com.ar\/usina5\/wp-json\/wp\/v2\/categories?post=3496"},{"taxonomy":"post_tag","embeddable":true,"href":"https:\/\/enteculturalsantafesino.com.ar\/usina5\/wp-json\/wp\/v2\/tags?post=3496"}],"curies":[{"name":"wp","href":"https:\/\/api.w.org\/{rel}","templated":true}]}}